{"id":11091,"date":"2022-08-26T17:39:49","date_gmt":"2022-08-26T15:39:49","guid":{"rendered":"https:\/\/copterweb.de\/wordpress\/?p=11091"},"modified":"2022-08-26T17:39:49","modified_gmt":"2022-08-26T15:39:49","slug":"40-jahre-adac-luftrettung-im-dreilaendereck","status":"publish","type":"post","link":"https:\/\/copterweb.de\/wordpress\/40-jahre-adac-luftrettung-im-dreilaendereck\/","title":{"rendered":"40 Jahre <span class=\"caps\">ADAC<\/span> Luftrettung im Dreil\u00e4ndereck"},"content":{"rendered":"<div class=\"box-content-grid\">\n<p style=\"text-align: justify;\"><span style=\"font-family: arial, helvetica, sans-serif;\"><a href=\"https:\/\/copterweb.de\/wordpress\/wp-content\/uploads\/adac-stiftung_luftrettung_dachlandeplatz_13x18.jpg\"><img loading=\"lazy\" decoding=\"async\" class=\"alignleft size-medium wp-image-11094\" src=\"https:\/\/copterweb.de\/wordpress\/wp-content\/uploads\/adac-stiftung_luftrettung_dachlandeplatz_13x18-300x217.jpg\" alt width=\"300\" height=\"217\" srcset=\"https:\/\/copterweb.de\/wordpress\/wp-content\/uploads\/adac-stiftung_luftrettung_dachlandeplatz_13x18-300x217.jpg 300w, https:\/\/copterweb.de\/wordpress\/wp-content\/uploads\/adac-stiftung_luftrettung_dachlandeplatz_13x18-1024x740.jpg 1024w, https:\/\/copterweb.de\/wordpress\/wp-content\/uploads\/adac-stiftung_luftrettung_dachlandeplatz_13x18-768x555.jpg 768w, https:\/\/copterweb.de\/wordpress\/wp-content\/uploads\/adac-stiftung_luftrettung_dachlandeplatz_13x18.jpg 1200w\" sizes=\"(max-width: 300px) 100vw, 300px\"><\/a><span class=\"dquo\">\u201e<\/span>Christoph 25\u201c, der Rettungshubschrauber der gemein\u00adn\u00fct\u00adzi\u00adgen <span class=\"caps\">ADAC<\/span> Luftrettung fei\u00adert in die\u00adsem Jahr sein 40-j\u00e4h\u00adri\u00adges Bestehen. Seit sei\u00adner Indienststellung im Jahr 1982 hob der am Diakonie Klinikum Jung-Stilling sta\u00adtio\u00adnier\u00adte Helikopter mehr als 42.000-mal ab, um schnel\u00adle medi\u00adzi\u00adni\u00adsche Hilfe aus der Luft zum Patienten zu brin\u00adgen. In die\u00adser Zeit hat er sich im Dreil\u00e4ndereck als wert\u00advol\u00adler Bestandteil des \u00f6ffent\u00adlich-recht\u00adli\u00adchen Rettungsdienstsystems eta\u00adbliert. Eingesetzt wird \u201eChristoph 25\u201c nicht nur in Nordrhein-Westfalen, son\u00addern bun\u00addes\u00adland-\u00fcber\u00adgrei\u00adfend auch in Rheinland-Pfalz und Hessen. 2021 flog die Crew 1.199 Eins\u00e4tze. Im ers\u00adten Halbjahr 2022 wur\u00adde der Rettungshubschrauber bereits 615-mal alar\u00admiert \u2013 ein Plus von rund f\u00fcnf Prozent gegen\u00ad\u00fcber dem Vorjahreszeitraum.<!--more--><\/span><\/p>\n<p style=\"text-align: justify;\"><span style=\"font-family: arial, helvetica, sans-serif;\"><a href=\"https:\/\/copterweb.de\/wordpress\/wp-content\/uploads\/adac-stiftung_luftrettung_3_18x13.jpg\"><img loading=\"lazy\" decoding=\"async\" class=\"alignright size-medium wp-image-11092\" src=\"https:\/\/copterweb.de\/wordpress\/wp-content\/uploads\/adac-stiftung_luftrettung_3_18x13-300x217.jpg\" alt width=\"300\" height=\"217\" srcset=\"https:\/\/copterweb.de\/wordpress\/wp-content\/uploads\/adac-stiftung_luftrettung_3_18x13-300x217.jpg 300w, https:\/\/copterweb.de\/wordpress\/wp-content\/uploads\/adac-stiftung_luftrettung_3_18x13-1024x740.jpg 1024w, https:\/\/copterweb.de\/wordpress\/wp-content\/uploads\/adac-stiftung_luftrettung_3_18x13-768x555.jpg 768w, https:\/\/copterweb.de\/wordpress\/wp-content\/uploads\/adac-stiftung_luftrettung_3_18x13.jpg 1200w\" sizes=\"(max-width: 300px) 100vw, 300px\"><\/a>Bei einer Feierstunde blick\u00adte die <span class=\"caps\">ADAC<\/span> Luftrettung am heu\u00adti\u00adgen Freitag auf die Erfolgsgeschichte von \u201eChristoph 25\u201c zur\u00fcck. Diese Erfolgsgeschichte ist in Siegen eng ver\u00adbun\u00adden mit dem Diakonie Klinikum Jung-Stilling, das in die\u00adsen Tagen 75-j\u00e4h\u00adri\u00adges Bestehen fei\u00adert, und mit der Feuerwehr Siegen, eben\u00adfalls seit 40 Jahren Kooperationspartner der flie\u00adgen\u00adden Gelben Engel. Bei der gemein\u00adsa\u00admen Jubil\u00e4umsveranstaltung beton\u00adten f\u00fch\u00adren\u00adde Vertreter von <span class=\"caps\">ADAC<\/span> Luftrettung, Klinikum, Stadt und Feuerwehr Siegen sowie des Kerntr\u00e4gers, Kreis Siegen-Wittgenstein, die beson\u00adde\u00adre Bedeutung des Rettungshubschraubers f\u00fcr die Region und weit dar\u00ad\u00fcber hin\u00adaus. Denn vie\u00adle tau\u00adsend Menschen ver\u00addan\u00adken \u201eChristoph 25\u201c und der schnel\u00adlen \u00e4rzt\u00adli\u00adchen Versorgung ihre Gesundheit oder gar ihr Leben.<\/span><\/p>\n<p style=\"text-align: justify;\"><span style=\"font-family: arial, helvetica, sans-serif;\">Fr\u00e9d\u00e9ric Bruder, Gesch\u00e4ftsf\u00fchrer der <span class=\"caps\">ADAC<\/span> Luftrettung, betont zum Jubil\u00e4um: \u201eWir haben in Siegen ver\u00adl\u00e4ss\u00adli\u00adche, kom\u00adpe\u00adten\u00adte und hoch\u00adpro\u00adfes\u00adsio\u00adnel\u00adle Partner. Alle Beteiligten brin\u00adgen ihre Expertise gewinn\u00adbrin\u00adgend f\u00fcr den Rettungsdienst ein\u201c. Mit Blick auf die Hochwasserkatastrophe im Ahrtal und die zuneh\u00admen\u00adde Bedeutung von Rettungswinden erkl\u00e4rt Bruder: \u201eWenn das Land einen Bedarf f\u00fcr Windenrettung im Dreil\u00e4ndereck sieht, ste\u00adhen wir als Spezialist f\u00fcr kom\u00adple\u00adxe Einsatzszenarien bereit. Mit f\u00fcnf Windenstationen haben wir die n\u00f6ti\u00adge Erfahrung. Unsere Crews sind hier\u00adf\u00fcr opti\u00admal aus\u00adge\u00adbil\u00addet und unse\u00adre Hubschrauber best\u00adm\u00f6g\u00adlich aus\u00adge\u00adr\u00fcs\u00adtet\u201c.<\/span><\/p>\n<p><\/p>\n<p style=\"text-align: justify;\"><a href=\"https:\/\/copterweb.de\/wordpress\/wp-content\/uploads\/adac-stiftung_luftrettung_landedeck__3_13x18.jpg\"><img loading=\"lazy\" decoding=\"async\" class=\"alignleft wp-image-11097 size-medium\" src=\"https:\/\/copterweb.de\/wordpress\/wp-content\/uploads\/adac-stiftung_luftrettung_landedeck__3_13x18-300x217.jpg\" alt width=\"300\" height=\"217\" srcset=\"https:\/\/copterweb.de\/wordpress\/wp-content\/uploads\/adac-stiftung_luftrettung_landedeck__3_13x18-300x217.jpg 300w, https:\/\/copterweb.de\/wordpress\/wp-content\/uploads\/adac-stiftung_luftrettung_landedeck__3_13x18-1024x740.jpg 1024w, https:\/\/copterweb.de\/wordpress\/wp-content\/uploads\/adac-stiftung_luftrettung_landedeck__3_13x18-768x555.jpg 768w, https:\/\/copterweb.de\/wordpress\/wp-content\/uploads\/adac-stiftung_luftrettung_landedeck__3_13x18.jpg 1200w\" sizes=\"(max-width: 300px) 100vw, 300px\"><\/a><span style=\"font-family: arial, helvetica, sans-serif;\">Bis Sommer 2021 star\u00adte\u00adte \u201eChristoph 25\u201c noch von einem Landeplatz am Fu\u00dfe des Krankenhauses. Seither hebt die Maschine vom Dach des Diakonie Klinikums ab. Dort wur\u00adde ein Landedeck geschaf\u00adfen, das neue Ma\u00dfst\u00e4be f\u00fcr die Luftrettung im Dreil\u00e4ndereck setzt. 6,3 Millionen Euro hat die Diakonie in S\u00fcdwestfalen in das neue Landedeck mit\u00adsamt Infrastruktur inves\u00adtiert \u2013 und damit die Voraussetzungen geschaf\u00adfen, um die Luftrettung am Standort Siegen f\u00fcr die n\u00e4chs\u00adten Jahrzehnte zu sichern. Entscheidende Vorteile hat die neue Anlage f\u00fcr Patienten, \u00c4rzte und Notfallsanit\u00e4ter: \u00dcber einen Aufzug erreicht das Rettungsteam auf k\u00fcr\u00adzes\u00adtem Weg die Behandlungsr\u00e4ume im Inneren des Krankenhauses und kann schwer\u00adver\u00adletz\u00adte Patienten schnellst\u00adm\u00f6g\u00adlich wei\u00adter\u00adbe\u00adhan\u00addeln.<\/span><\/p>\n<p style=\"text-align: justify;\"><span style=\"font-family: arial, helvetica, sans-serif;\"><a href=\"https:\/\/copterweb.de\/wordpress\/wp-content\/uploads\/adac-stiftung_luftrettung_hangar_13x18.jpg\"><img loading=\"lazy\" decoding=\"async\" class=\"alignright size-medium wp-image-11095\" src=\"https:\/\/copterweb.de\/wordpress\/wp-content\/uploads\/adac-stiftung_luftrettung_hangar_13x18-300x217.jpg\" alt width=\"300\" height=\"217\" srcset=\"https:\/\/copterweb.de\/wordpress\/wp-content\/uploads\/adac-stiftung_luftrettung_hangar_13x18-300x217.jpg 300w, https:\/\/copterweb.de\/wordpress\/wp-content\/uploads\/adac-stiftung_luftrettung_hangar_13x18-1024x740.jpg 1024w, https:\/\/copterweb.de\/wordpress\/wp-content\/uploads\/adac-stiftung_luftrettung_hangar_13x18-768x555.jpg 768w, https:\/\/copterweb.de\/wordpress\/wp-content\/uploads\/adac-stiftung_luftrettung_hangar_13x18.jpg 1200w\" sizes=\"(max-width: 300px) 100vw, 300px\"><\/a>Bis September 2002 war in Siegen ein Helikopter des Typs <span class=\"caps\">BO105<\/span> im Einsatz, der durch einen hoch\u00admo\u00adder\u00adnen Rettungshubschrauber des heu\u00adti\u00adgen Typs <span class=\"caps\">EC<\/span> 135 ersetzt wur\u00adde. Dessen Einsatzgeschwindigkeit liegt bei rund 230 Stundenkilometern. Pro Flug sind ein Pilot, ein Notarzt und ein Notfallsanit\u00e4ter (Fachbegriff <span class=\"caps\">TC<\/span> <span class=\"caps\">HEMS<\/span>) an Bord. Stationsleiter ist Pilot Markus Scheld, Leitender Notarzt Thomas Steitz und Leitender Notfallsanit\u00e4ter Christian Hren. Alarmiert wird die Crew von der Integrierten Leitstelle Kreis Siegen-Wittgenstein.<\/span><\/p>\n<p style=\"text-align: justify;\"><span style=\"font-family: arial, helvetica, sans-serif;\"><a href=\"https:\/\/copterweb.de\/wordpress\/wp-content\/uploads\/adac-stiftung_luftrettung_hangar_bei_nacht_13x18.jpg\"><img loading=\"lazy\" decoding=\"async\" class=\"alignleft size-medium wp-image-11096\" src=\"https:\/\/copterweb.de\/wordpress\/wp-content\/uploads\/adac-stiftung_luftrettung_hangar_bei_nacht_13x18-300x217.jpg\" alt width=\"300\" height=\"217\" srcset=\"https:\/\/copterweb.de\/wordpress\/wp-content\/uploads\/adac-stiftung_luftrettung_hangar_bei_nacht_13x18-300x217.jpg 300w, https:\/\/copterweb.de\/wordpress\/wp-content\/uploads\/adac-stiftung_luftrettung_hangar_bei_nacht_13x18-1024x740.jpg 1024w, https:\/\/copterweb.de\/wordpress\/wp-content\/uploads\/adac-stiftung_luftrettung_hangar_bei_nacht_13x18-768x555.jpg 768w, https:\/\/copterweb.de\/wordpress\/wp-content\/uploads\/adac-stiftung_luftrettung_hangar_bei_nacht_13x18.jpg 1200w\" sizes=\"(max-width: 300px) 100vw, 300px\"><\/a>Die Crew von \u201eChristoph 25\u201c besteht ges\u00adtern wie heu\u00adte aus einem inter\u00addis\u00adzi\u00adpli\u00adn\u00e4\u00adren Team von Piloten der <span class=\"caps\">ADAC<\/span> Luftrettung, Not\u00e4rzten des \u201eStilling\u201c-Klinikums und Notfallsanit\u00e4ter der Siegener Feuerwehr. Einsatzursache Nummer eins waren im ver\u00adgan\u00adge\u00adnen Jahr bei 38 Prozent der Fl\u00fcge Verletzungen nach Unf\u00e4llen. Dazu geh\u00f6\u00adren Freizeit-, Sport-, Schul- und Verkehrsunf\u00e4lle. Danach folg\u00adten mit 28 Prozent Notf\u00e4lle des Herzkreislauf-Systems (z. B. Herzinfarkt) sowie neu\u00adro\u00adlo\u00adgi\u00adsche Notf\u00e4lle (z. B. Schlaganfall) mit 16 Prozent. 62 Prozent der Einsatzorte lagen in Nordrhein-Westfalen, rund 26 Prozent in Rheinland-Pfalz und zw\u00f6lf Prozent in Hessen.<\/span><\/p>\n<p style=\"text-align: justify;\"><span style=\"font-family: arial, helvetica, sans-serif;\"><a href=\"https:\/\/copterweb.de\/wordpress\/wp-content\/uploads\/adac-stiftung_luftrettung_chr_25_siegen_18x13.jpg\"><img loading=\"lazy\" decoding=\"async\" class=\"alignright size-medium wp-image-11093\" src=\"https:\/\/copterweb.de\/wordpress\/wp-content\/uploads\/adac-stiftung_luftrettung_chr_25_siegen_18x13-300x217.jpg\" alt width=\"300\" height=\"217\" srcset=\"https:\/\/copterweb.de\/wordpress\/wp-content\/uploads\/adac-stiftung_luftrettung_chr_25_siegen_18x13-300x217.jpg 300w, https:\/\/copterweb.de\/wordpress\/wp-content\/uploads\/adac-stiftung_luftrettung_chr_25_siegen_18x13-1024x740.jpg 1024w, https:\/\/copterweb.de\/wordpress\/wp-content\/uploads\/adac-stiftung_luftrettung_chr_25_siegen_18x13-768x555.jpg 768w, https:\/\/copterweb.de\/wordpress\/wp-content\/uploads\/adac-stiftung_luftrettung_chr_25_siegen_18x13.jpg 1200w\" sizes=\"(max-width: 300px) 100vw, 300px\"><\/a>F\u00fcr den <span class=\"caps\">ADAC<\/span> e.V., der sich seit dem Ende der 60er Jahre mas\u00adsiv f\u00fcr die Luftrettung in Deutschland ein\u00adge\u00adsetzt hat\u00adte, war die Indienststellung von \u201eChristoph 25\u201c sei\u00adner\u00adzeit ein gro\u00ad\u00dfer Meilenstein \u2013 galt es doch nach dem R\u00fcckzug des Bundes beim Netzausbau eine L\u00fccke zu schlie\u00ad\u00dfen. F\u00fcr die 1982 gegr\u00fcn\u00adde\u00adte <span class=\"caps\">ADAC<\/span> Luftrettung GmbH bedeu\u00adte\u00adten die Indienststellungen der Rettungshubschrauber in Siegen sowie Bayreuth den Start in die zwei\u00adte Ausbaustufe der Luftrettung und den Aufbau eines nahe\u00adzu fl\u00e4\u00adchen\u00adde\u00adcken\u00addes Netzes von Luftrettungsstationen \u00fcber ganz Deutschland.<\/span><\/p>\n<p style=\"text-align: justify;\"><span style=\"font-family: arial, helvetica, sans-serif;\"><strong>Tag der offe\u00adnen T\u00fcr am Samstag, 27. August<br>\n<\/strong>Unter dem Motto \u201eVoller Einsatz f\u00fcr Siegen und die Region\u201c fin\u00addet am Samstag, 27. August 2022, von 11 bis 17 Uhr ein Tag der offe\u00adnen T\u00fcr statt. Im Au\u00dfenbereich des Klinikums in der Siegener Wichernstra\u00dfe besteht die M\u00f6glichkeit \u201eChristoph 25\u201c sowie ein his\u00adto\u00adri\u00adsches Stra\u00dfenwacht-Fahrzeug des <span class=\"caps\">ADAC<\/span> Regionalclubs Westfalen e. V. zu besich\u00adti\u00adgen. Weitere Partnerorganisationen aus dem hei\u00admi\u00adschen Rettungswesen pr\u00e4\u00adsen\u00adtie\u00adren au\u00dfer\u00addem ihre Einsatzfahrzeuge. Auf die Besucher war\u00adtet zudem ein bun\u00adtes Familienprogramm. H\u00fcpfburg, Gl\u00fccksrad, Malwerkstatt und ein Quiz mit attrak\u00adti\u00adven Preisen las\u00adsen f\u00fcr Kinder kei\u00adne Langeweile auf\u00adkom\u00admen. Das B\u00fchnenprogramm star\u00adtet um 12 Uhr mit einem Einblick in die 75-j\u00e4h\u00adri\u00adge Geschichte des Krankenhauses. Dazu gibt es Gespr\u00e4chsrunden rund um Medizin und Pflege sowie Shows mit einem Zauberer. Es mode\u00adriert Beate Schmies (<span class=\"caps\">WDR<\/span>).<\/span><\/p>\n<\/div>\n<p class=\"mod-noprint\" style=\"text-align: justify;\"><span style=\"font-family: arial, helvetica, sans-serif;\"><span style=\"color: #000000;\"><b>Quelle: <\/b>Pressemitteilung der <span class=\"caps\">ADAC<\/span> Luftrettung gGmbH vom 26. August 2022<\/span><\/span><\/p>\n","protected":false},"excerpt":{"rendered":"<p><span class=\"dquo\">\u201e<\/span>Christoph 25\u201c, der Rettungshubschrauber der gemein\u00adn\u00fct\u00adzi\u00adgen <span class=\"caps\">ADAC<\/span> Luftrettung fei\u00adert in die\u00adsem Jahr sein 40-j\u00e4h\u00ad\u00adri\u00adges Bestehen. Seit sei\u00adner Indienststellung im Jahr 1982 hob der am Diakonie Klinikum Jung-Stilling sta\u00adtio\u00adnier\u00adte Helikopter mehr als 42.000-mal ab, um schnel\u00adle medi\u00adzi\u00adni\u00adsche Hilfe aus der Luft \u2026 <a href=\"https:\/\/copterweb.de\/wordpress\/40-jahre-adac-luftrettung-im-dreilaendereck\/\">Weiterlesen <span class=\"meta-nav\">\u2192<\/span><\/a><\/p>\n","protected":false},"author":7,"featured_media":11094,"comment_status":"closed","ping_status":"open","sticky":false,"template":"","format":"standard","meta":{"ngg_post_thumbnail":0,"footnotes":""},"categories":[16,118],"tags":[],"_links":{"self":[{"href":"https:\/\/copterweb.de\/wordpress\/wp-json\/wp\/v2\/posts\/11091"}],"collection":[{"href":"https:\/\/copterweb.de\/wordpress\/wp-json\/wp\/v2\/posts"}],"about":[{"href":"https:\/\/copterweb.de\/wordpress\/wp-json\/wp\/v2\/types\/post"}],"author":[{"embeddable":true,"href":"https:\/\/copterweb.de\/wordpress\/wp-json\/wp\/v2\/users\/7"}],"replies":[{"embeddable":true,"href":"https:\/\/copterweb.de\/wordpress\/wp-json\/wp\/v2\/comments?post=11091"}],"version-history":[{"count":1,"href":"https:\/\/copterweb.de\/wordpress\/wp-json\/wp\/v2\/posts\/11091\/revisions"}],"predecessor-version":[{"id":11098,"href":"https:\/\/copterweb.de\/wordpress\/wp-json\/wp\/v2\/posts\/11091\/revisions\/11098"}],"wp:featuredmedia":[{"embeddable":true,"href":"https:\/\/copterweb.de\/wordpress\/wp-json\/wp\/v2\/media\/11094"}],"wp:attachment":[{"href":"https:\/\/copterweb.de\/wordpress\/wp-json\/wp\/v2\/media?parent=11091"}],"wp:term":[{"taxonomy":"category","embeddable":true,"href":"https:\/\/copterweb.de\/wordpress\/wp-json\/wp\/v2\/categories?post=11091"},{"taxonomy":"post_tag","embeddable":true,"href":"https:\/\/copterweb.de\/wordpress\/wp-json\/wp\/v2\/tags?post=11091"}],"curies":[{"name":"wp","href":"https:\/\/api.w.org\/{rel}","templated":true}]}}