{"id":11810,"date":"2024-06-19T18:03:55","date_gmt":"2024-06-19T16:03:55","guid":{"rendered":"https:\/\/copterweb.de\/wordpress\/?p=11810"},"modified":"2024-06-19T20:35:19","modified_gmt":"2024-06-19T18:35:19","slug":"ila-berlin-schliesst-mit-besucherplus-ein-rueckblick","status":"publish","type":"post","link":"https:\/\/copterweb.de\/wordpress\/ila-berlin-schliesst-mit-besucherplus-ein-rueckblick\/","title":{"rendered":"<span class=\"caps\">ILA<\/span> Berlin schlie\u00dft mit Besucherplus \u2013 ein R\u00fcckblick"},"content":{"rendered":"<div id=\"attachment_11341\" style=\"width: 310px\" class=\"wp-caption alignleft\"><a href=\"https:\/\/copterweb.de\/wordpress\/wp-content\/uploads\/01-ILA2022-Logo-2.jpg\"><img loading=\"lazy\" decoding=\"async\" aria-describedby=\"caption-attachment-11341\" class=\"size-medium wp-image-11341\" src=\"https:\/\/copterweb.de\/wordpress\/wp-content\/uploads\/01-ILA2022-Logo-2-300x164.jpg\" alt width=\"300\" height=\"164\" srcset=\"https:\/\/copterweb.de\/wordpress\/wp-content\/uploads\/01-ILA2022-Logo-2-300x164.jpg 300w, https:\/\/copterweb.de\/wordpress\/wp-content\/uploads\/01-ILA2022-Logo-2-768x419.jpg 768w, https:\/\/copterweb.de\/wordpress\/wp-content\/uploads\/01-ILA2022-Logo-2.jpg 935w\" sizes=\"(max-width: 300px) 100vw, 300px\"><\/a><p id=\"caption-attachment-11341\" class=\"wp-caption-text\"><span class=\"caps\">ILA<\/span> Berlin Pioneering Aerospace<\/p><\/div>\n<p style=\"text-align: justify;\"><span style=\"font-family: arial, helvetica, sans-serif;\">F\u00fcnf Tage lang dreh\u00adte sich am <span class=\"caps\">BER<\/span>, dem Flughafen der Hauptstadtregion, alles um die Zukunft der Luft- und Raumfahrt. Unter dem Motto \u201cPioneering Aerospace\u201d kamen die inter\u00adna\u00adtio\u00adna\u00adle Industrie, Politik, Streitkr\u00e4fte und Wissenschaft zusam\u00admen. Rund 600 Aussteller aus 31 Nationen pr\u00e4\u00adsen\u00adtier\u00adten ein brei\u00adtes Spektrum an High-Tech-Produkten sowie Forschungs- und Entwicklungsprojekte. Rund 350 Speaker dis\u00adku\u00adtier\u00adten auf vier B\u00fchnen die aktu\u00adel\u00adlen Fragen der Luft- und Raumfahrt. Zentrale Themen waren kli\u00adma\u00adneu\u00adtra\u00adles Fliegen, Sicherheit und Verteidigung sowie der Nutzen der Raumfahrt f\u00fcr die Menschheit.<\/span><!--more--><\/p>\n<p style=\"text-align: justify;\"><span style=\"font-family: arial, helvetica, sans-serif;\">Die <span class=\"caps\">ILA<\/span> Berlin war unter der Woche (vom 5.\u2009\u2014\u20097. Juni) f\u00fcr das Fachpublikum und am Wochenende (vom 8.\u2009\u2014\u20099. Juni f\u00fcr pri\u00adva\u00adte Besucherinnen und Besucher von 10 bis 18 Uhr ge\u00f6ff\u00adnet. Und das Interesse beim Publikum war gro\u00df \u2013 die Tickets f\u00fcr das Privatpublikum am Wochenende waren schnell aus\u00adver\u00adkauft. Insgesamt kamen rund 95.000 Teilnehmerinnen und Tilnehmer aus rund 60 Nationen zur <span class=\"caps\">ILA<\/span><\/span><\/p>\n<p style=\"text-align: justify;\"><span style=\"font-family: arial, helvetica, sans-serif;\"><strong><a href=\"https:\/\/copterweb.de\/wordpress\/wp-content\/uploads\/ILA24_02-Kroell.jpg\"><img loading=\"lazy\" decoding=\"async\" class=\"alignright size-medium wp-image-11825\" src=\"https:\/\/copterweb.de\/wordpress\/wp-content\/uploads\/ILA24_02-Kroell-300x200.jpg\" alt width=\"300\" height=\"200\" srcset=\"https:\/\/copterweb.de\/wordpress\/wp-content\/uploads\/ILA24_02-Kroell-300x200.jpg 300w, https:\/\/copterweb.de\/wordpress\/wp-content\/uploads\/ILA24_02-Kroell-1024x682.jpg 1024w, https:\/\/copterweb.de\/wordpress\/wp-content\/uploads\/ILA24_02-Kroell-768x511.jpg 768w, https:\/\/copterweb.de\/wordpress\/wp-content\/uploads\/ILA24_02-Kroell.jpg 1200w\" sizes=\"(max-width: 300px) 100vw, 300px\"><\/a>Martin Kroell, Mitglied des Vorstands und Mittelstandsbeauftragter des <span class=\"caps\">BDLI<\/span>: <\/strong>\u201eDie <span class=\"caps\">ILA<\/span> hat erneut unter Beweis gestellt, wie wich\u00adtig die\u00adse Messe f\u00fcr die deut\u00adsche Luft- und Raumfahrtindustrie ist. Nicht nur, weil sie ein Schaufenster f\u00fcr die Vielfalt unse\u00adrer Innovationskraft ist, die Fachpublikum wie Privatbesucher glei\u00adcher\u00adma\u00ad\u00dfen fas\u00adzi\u00adniert, son\u00addern weil sie eine poli\u00adti\u00adsche und ide\u00aden\u00adge\u00adtrie\u00adbe\u00adne Messe ist: Hier sind alle Stakeholder mit\u00adein\u00adan\u00adder in Austausch und Aktion gekom\u00admen, die wir brau\u00adchen, um unse\u00adre tech\u00adno\u00adlo\u00adgi\u00adsche Spitzenstellung zu hal\u00adten \u2013 in der dekar\u00adbo\u00adni\u00adsier\u00adten Luftfahrt, in der Verteidigung unse\u00adrer Freiheit, im sou\u00adve\u00adr\u00e4\u00adnen Zugang Europas zum Weltall.\u201c<\/span><\/p>\n<p style=\"text-align: justify;\"><span style=\"font-family: arial, helvetica, sans-serif;\"><strong><a href=\"https:\/\/copterweb.de\/wordpress\/wp-content\/uploads\/ILA24_03-Tobias.jpg\"><img loading=\"lazy\" decoding=\"async\" class=\"alignleft size-medium wp-image-11828\" src=\"https:\/\/copterweb.de\/wordpress\/wp-content\/uploads\/ILA24_03-Tobias-300x200.jpg\" alt width=\"300\" height=\"200\" srcset=\"https:\/\/copterweb.de\/wordpress\/wp-content\/uploads\/ILA24_03-Tobias-300x200.jpg 300w, https:\/\/copterweb.de\/wordpress\/wp-content\/uploads\/ILA24_03-Tobias-1024x683.jpg 1024w, https:\/\/copterweb.de\/wordpress\/wp-content\/uploads\/ILA24_03-Tobias-768x512.jpg 768w, https:\/\/copterweb.de\/wordpress\/wp-content\/uploads\/ILA24_03-Tobias.jpg 1200w\" sizes=\"(max-width: 300px) 100vw, 300px\"><\/a>Dr. Mario Tobias, Vorsitzender der Gesch\u00e4ftsf\u00fchrung der Messe Berlin GmbH:\u202f<\/strong>\u201eOb elek\u00adtri\u00adsche Senkrechtstarter, kli\u00adma\u00adfreund\u00adli\u00adche Antriebe oder Satellitensysteme \u2013 die <span class=\"caps\">ILA<\/span> steht wie kei\u00adne ande\u00adre Veranstaltung f\u00fcr Innovation, neue Technologie und Nachhaltigkeit in der Luft- und Raumfahrt. Die Themen der <span class=\"caps\">ILA<\/span> sind aktu\u00adel\u00adler denn je \u2013 das hat die dies\u00adj\u00e4h\u00adri\u00adge Veranstaltung ein\u00addrucks\u00advoll bewie\u00adsen.\u201c\u202f<\/span><\/p>\n<p style=\"text-align: justify;\"><span style=\"font-family: arial, helvetica, sans-serif;\"><strong><a href=\"https:\/\/copterweb.de\/wordpress\/wp-content\/uploads\/ILA24_04-001.jpg\"><img loading=\"lazy\" decoding=\"async\" class=\"alignright size-medium wp-image-11865\" src=\"https:\/\/copterweb.de\/wordpress\/wp-content\/uploads\/ILA24_04-001-300x169.jpg\" alt width=\"300\" height=\"169\" srcset=\"https:\/\/copterweb.de\/wordpress\/wp-content\/uploads\/ILA24_04-001-300x169.jpg 300w, https:\/\/copterweb.de\/wordpress\/wp-content\/uploads\/ILA24_04-001-1024x576.jpg 1024w, https:\/\/copterweb.de\/wordpress\/wp-content\/uploads\/ILA24_04-001-768x432.jpg 768w, https:\/\/copterweb.de\/wordpress\/wp-content\/uploads\/ILA24_04-001.jpg 1200w\" sizes=\"(max-width: 300px) 100vw, 300px\"><\/a>Starke Pr\u00e4senz der Bundesregierung: <\/strong>Bundeskanzler Olaf Scholz er\u00f6ff\u00adne\u00adte die <span class=\"caps\">ILA<\/span> Berlin im Rahmen eines Messerundgangs. Die Bundesregierung habe gr\u00f6\u00df\u00adtes Interesse an einer star\u00adken Luft- und Raumfahrtbranche, so der Bundeskanzler in sei\u00adner Er\u00f6ffnungsrede. \u201eWir wol\u00adlen die deut\u00adsche und euro\u00adp\u00e4i\u00adsche Luftfahrtindustrie welt\u00adweit auf einem Spitzenplatz sehen, und zwar in allen drei Dimensionen, die auch hier auf der <span class=\"caps\">ILA<\/span> im Fokus ste\u00adhen: in der zivi\u00adlen Luftfahrt, bei der Vert&nbsp;eidi\u00adgung und nicht zuletzt in der Raumfahrt.\u201c Zudem k\u00fcn\u00addig\u00adte Scholz auf der <span class=\"caps\">ILA<\/span> den Erwerb wei\u00adte\u00adrer 20 Eurofighter an.\u202f<\/span><\/p>\n<p style=\"text-align: justify;\"><span style=\"font-family: arial, helvetica, sans-serif;\">Begleitet wur\u00adde der Kanzler unter ande\u00adrem von Bundesverkehrsminister Dr. Volker Wissing, dem bran\u00adden\u00adbur\u00adgi\u00adschen Ministerpr\u00e4sidenten Dr. Dietmar Woidke, der Berliner Wirtschaftssenatorin, Franziska Giffey, Dr. Anna Christmann, Koordinatorin der Bundesregierung f\u00fcr die Deutsche Luft -und Raumfahrt, General Carsten Breuer, Generalinspekteur der Bundeswehr, sowie Aletta von Massenbach, <span class=\"caps\">CEO<\/span> Flughafen Berlin Brandenburg.<\/span><\/p>\n<p style=\"text-align: justify;\"><span style=\"font-family: arial, helvetica, sans-serif;\"><strong><span class=\"caps\">ILA<\/span> zeig\u00adte gesam\u00adte Bandbreite der Luft- und Raumfahrt<br>\n<\/strong><\/span><span style=\"font-family: arial, helvetica, sans-serif;\">Auf 150.000 Quadratmetern pr\u00e4\u00adsen\u00adtier\u00adten die Aussteller ihre Innovationen. Von der Drohne \u00fcber Helikopter bis hin zur gro\u00ad\u00dfen Passagiermaschine \u2013 rund 100 Flugger\u00e4te waren in die\u00adsem Jahr auf der <span class=\"caps\">ILA<\/span> zu sehen. Darunter die Emirates <span class=\"caps\">A380<\/span>, die Beluga <span class=\"caps\">ST<\/span> und die <span class=\"caps\">A321<\/span> <span class=\"caps\">XLR<\/span> \u2013 mit einem um 30 Prozent gerin\u00adge\u00adren Treibstoffverbrauch pro Sitzplatz im Vergleich zu Flugzeugen der vor\u00adhe\u00adri\u00adgen Generation leis\u00adtet die\u00adses Flugzeug einen wich\u00adti\u00adgen Beitrag auf dem Weg zum nach\u00adhal\u00adti\u00adgen Fliegen. Weitere Highlights waren zudem die <span class=\"caps\">A310<\/span> Air Zero G, die f\u00fcr Parabelfl\u00fcge ein\u00adge\u00adsetzt wird, sowie die Do 328 \u2013 ein flie\u00adgen\u00adder Pr\u00fcfstand f\u00fcr kli\u00adma\u00adver\u00adtr\u00e4g\u00adli\u00adche Luftfahrttechnologien. Aus dem Hubschrauberbereich zeig\u00adte <span class=\"caps\">AIRBUS<\/span> <span class=\"caps\">HELICOPTERS<\/span> den H145-Testtr\u00e4ger PioneerLab. Zudem konn\u00adten die Besucher und Besucherinnen die gesam\u00adte Bandbreite der mili\u00adt\u00e4\u00adri\u00adschen Luftfahrt erle\u00adben \u2013 vom Loyal Wingman, \u00fcber die Transportmaschine <span class=\"caps\">A400<\/span> M&nbsp;bis hin zum Mehrzweckkampfflugzeug <span class=\"caps\">F35<\/span>, das erst\u00adma\u00adlig auf der <span class=\"caps\">ILA<\/span> im Flying Display zu sehen war.<\/span><\/p>\n<table>\n<tbody>\n<tr>\n<td><a href=\"https:\/\/copterweb.de\/wordpress\/wp-content\/uploads\/ILA24_05a.jpg\"><img loading=\"lazy\" decoding=\"async\" class=\"alignleft size-medium wp-image-11830\" src=\"https:\/\/copterweb.de\/wordpress\/wp-content\/uploads\/ILA24_05a-300x200.jpg\" alt width=\"300\" height=\"200\" srcset=\"https:\/\/copterweb.de\/wordpress\/wp-content\/uploads\/ILA24_05a-300x200.jpg 300w, https:\/\/copterweb.de\/wordpress\/wp-content\/uploads\/ILA24_05a-1024x682.jpg 1024w, https:\/\/copterweb.de\/wordpress\/wp-content\/uploads\/ILA24_05a-768x511.jpg 768w, https:\/\/copterweb.de\/wordpress\/wp-content\/uploads\/ILA24_05a.jpg 1200w\" sizes=\"(max-width: 300px) 100vw, 300px\"><\/a><\/td>\n<td><a href=\"https:\/\/copterweb.de\/wordpress\/wp-content\/uploads\/ILA24_05b.jpg\"><img loading=\"lazy\" decoding=\"async\" class=\"size-medium wp-image-11831 alignnone\" src=\"https:\/\/copterweb.de\/wordpress\/wp-content\/uploads\/ILA24_05b-300x200.jpg\" alt width=\"300\" height=\"200\" srcset=\"https:\/\/copterweb.de\/wordpress\/wp-content\/uploads\/ILA24_05b-300x200.jpg 300w, https:\/\/copterweb.de\/wordpress\/wp-content\/uploads\/ILA24_05b-1024x683.jpg 1024w, https:\/\/copterweb.de\/wordpress\/wp-content\/uploads\/ILA24_05b-768x512.jpg 768w, https:\/\/copterweb.de\/wordpress\/wp-content\/uploads\/ILA24_05b.jpg 1200w\" sizes=\"(max-width: 300px) 100vw, 300px\"><\/a><\/td>\n<\/tr>\n<tr>\n<td style=\"text-align: center;\"><span style=\"font-family: arial, helvetica, sans-serif;\">A 380<\/span><\/td>\n<td style=\"text-align: center;\"><span style=\"font-family: arial, helvetica, sans-serif;\">A 321 <span class=\"caps\">XLR<\/span><\/span><\/td>\n<\/tr>\n<tr>\n<td><a href=\"https:\/\/copterweb.de\/wordpress\/wp-content\/uploads\/ILA24_05c.jpg\"><img loading=\"lazy\" decoding=\"async\" class=\"size-medium wp-image-11832 alignnone\" src=\"https:\/\/copterweb.de\/wordpress\/wp-content\/uploads\/ILA24_05c-300x200.jpg\" alt width=\"300\" height=\"200\" srcset=\"https:\/\/copterweb.de\/wordpress\/wp-content\/uploads\/ILA24_05c-300x200.jpg 300w, https:\/\/copterweb.de\/wordpress\/wp-content\/uploads\/ILA24_05c-1024x683.jpg 1024w, https:\/\/copterweb.de\/wordpress\/wp-content\/uploads\/ILA24_05c-768x512.jpg 768w, https:\/\/copterweb.de\/wordpress\/wp-content\/uploads\/ILA24_05c.jpg 1200w\" sizes=\"(max-width: 300px) 100vw, 300px\"><\/a><\/td>\n<td><a href=\"https:\/\/copterweb.de\/wordpress\/wp-content\/uploads\/ILA24_05d.jpg\"><img loading=\"lazy\" decoding=\"async\" class=\"size-medium wp-image-11833 alignnone\" src=\"https:\/\/copterweb.de\/wordpress\/wp-content\/uploads\/ILA24_05d-300x200.jpg\" alt width=\"300\" height=\"200\" srcset=\"https:\/\/copterweb.de\/wordpress\/wp-content\/uploads\/ILA24_05d-300x200.jpg 300w, https:\/\/copterweb.de\/wordpress\/wp-content\/uploads\/ILA24_05d-1024x684.jpg 1024w, https:\/\/copterweb.de\/wordpress\/wp-content\/uploads\/ILA24_05d-768x513.jpg 768w, https:\/\/copterweb.de\/wordpress\/wp-content\/uploads\/ILA24_05d.jpg 1200w\" sizes=\"(max-width: 300px) 100vw, 300px\"><\/a><\/td>\n<\/tr>\n<tr>\n<td style=\"text-align: center;\"><span style=\"font-family: arial, helvetica, sans-serif;\"><span class=\"caps\">DO<\/span> 328<\/span><\/td>\n<td style=\"text-align: center;\"><span style=\"font-family: arial, helvetica, sans-serif;\">A&nbsp;400&nbsp;M<\/span><\/td>\n<\/tr>\n<\/tbody>\n<\/table>\n<p style=\"text-align: justify;\"><span style=\"font-family: arial, helvetica, sans-serif;\"><strong>Weiterhin ein\u00adge\u00adschr\u00e4nk\u00adte Fl\u00e4che f\u00fcr das Static Display und klei\u00adnes Flugprogramm<br>\n<\/strong><\/span><span style=\"font-family: arial, helvetica, sans-serif;\">Wie schon auf der <span class=\"caps\">ILA<\/span> 2022 stand erwar\u00adtungs\u00adge\u00adm\u00e4\u00df auf\u00adgrund des Flugbetriebes am <span class=\"caps\">BER<\/span>&nbsp;im Vergleich zu fr\u00fc\u00adhe\u00adren ILA-Veranstaltungen wei\u00adter\u00adhin eine stark ein\u00adge\u00adschr\u00e4nk\u00adte Fl\u00e4che f\u00fcr das Static-Display zur Verf\u00fcgung. Immerhin waren auf der dies\u00adj\u00e4h\u00adri\u00adgen <span class=\"caps\">ILA<\/span> mit rund 100 Flugger\u00e4ten wie\u00adder mehr Flugzeuge und Hubschrauber zu sehen. Auch gab es an den f\u00fcnf ILA-Tagen wie\u00adder ein Flugprogramm, das doch deut\u00adlich erh\u00f6ht war.<\/span><\/p>\n<p style=\"text-align: justify;\"><span style=\"font-family: arial, helvetica, sans-serif;\">Zusehen waren erst\u00admals das Tarnkappen-Mehrzweckkampfflugzeug F-35, der Tornado, der anl\u00e4ss\u00adlich sei\u00adnes 50. Jubil\u00e4ums mit einer Sonderlackierung ver\u00adse\u00adhen wur\u00adde, das Passagierflugzeug <span class=\"caps\">A321<\/span> <span class=\"caps\">XLR<\/span> und aus dem Hubschrauberbereich der Airbus <span class=\"caps\">H145M<\/span> <span class=\"caps\">LUH<\/span> <span class=\"caps\">SAR<\/span> sowie die Bundeswehr in einem Joint Scenario mit <span class=\"caps\">CH-53<\/span>, <span class=\"caps\">NH90<\/span>, Tiger und <span class=\"caps\">H145M<\/span>. Ein beson\u00adde\u00adres und \u00fcber\u00adra\u00adschen\u00addes Highlight war ab Freitag die Sea King <span class=\"caps\">MK41<\/span>, die kurz vor ihrer Au\u00dferdienststellung letzt\u00adma\u00adlig auf der <span class=\"caps\">ILA<\/span> zu Gast war und auch am Flugprogramm teil\u00adnahm.<\/span><\/p>\n<table>\n<tbody>\n<tr>\n<td><a href=\"https:\/\/copterweb.de\/wordpress\/wp-content\/uploads\/ILA24_06a.jpg\"><img loading=\"lazy\" decoding=\"async\" class=\"alignleft size-medium wp-image-11834\" src=\"https:\/\/copterweb.de\/wordpress\/wp-content\/uploads\/ILA24_06a-300x200.jpg\" alt width=\"300\" height=\"200\" srcset=\"https:\/\/copterweb.de\/wordpress\/wp-content\/uploads\/ILA24_06a-300x200.jpg 300w, https:\/\/copterweb.de\/wordpress\/wp-content\/uploads\/ILA24_06a-1024x684.jpg 1024w, https:\/\/copterweb.de\/wordpress\/wp-content\/uploads\/ILA24_06a-768x513.jpg 768w, https:\/\/copterweb.de\/wordpress\/wp-content\/uploads\/ILA24_06a.jpg 1200w\" sizes=\"(max-width: 300px) 100vw, 300px\"><\/a><\/td>\n<td><a href=\"https:\/\/copterweb.de\/wordpress\/wp-content\/uploads\/ILA24_06b.jpg\"><img loading=\"lazy\" decoding=\"async\" class=\"alignleft size-medium wp-image-11835\" src=\"https:\/\/copterweb.de\/wordpress\/wp-content\/uploads\/ILA24_06b-300x200.jpg\" alt width=\"300\" height=\"200\" srcset=\"https:\/\/copterweb.de\/wordpress\/wp-content\/uploads\/ILA24_06b-300x200.jpg 300w, https:\/\/copterweb.de\/wordpress\/wp-content\/uploads\/ILA24_06b-1024x684.jpg 1024w, https:\/\/copterweb.de\/wordpress\/wp-content\/uploads\/ILA24_06b-768x513.jpg 768w, https:\/\/copterweb.de\/wordpress\/wp-content\/uploads\/ILA24_06b.jpg 1200w\" sizes=\"(max-width: 300px) 100vw, 300px\"><\/a><\/td>\n<\/tr>\n<tr>\n<td style=\"text-align: center;\" colspan=\"2\"><span style=\"font-family: arial, helvetica, sans-serif;\">50 Jahre Tornado<\/span><\/td>\n<\/tr>\n<tr>\n<td><a href=\"https:\/\/copterweb.de\/wordpress\/wp-content\/uploads\/ILA24_06c.jpg\"><img loading=\"lazy\" decoding=\"async\" class=\"alignleft size-medium wp-image-11836\" src=\"https:\/\/copterweb.de\/wordpress\/wp-content\/uploads\/ILA24_06c-300x200.jpg\" alt width=\"300\" height=\"200\" srcset=\"https:\/\/copterweb.de\/wordpress\/wp-content\/uploads\/ILA24_06c-300x200.jpg 300w, https:\/\/copterweb.de\/wordpress\/wp-content\/uploads\/ILA24_06c-1024x683.jpg 1024w, https:\/\/copterweb.de\/wordpress\/wp-content\/uploads\/ILA24_06c-768x512.jpg 768w, https:\/\/copterweb.de\/wordpress\/wp-content\/uploads\/ILA24_06c.jpg 1200w\" sizes=\"(max-width: 300px) 100vw, 300px\"><\/a><\/td>\n<td><a href=\"https:\/\/copterweb.de\/wordpress\/wp-content\/uploads\/ILA24_06d.jpg\"><img loading=\"lazy\" decoding=\"async\" class=\"alignleft size-medium wp-image-11837\" src=\"https:\/\/copterweb.de\/wordpress\/wp-content\/uploads\/ILA24_06d-300x200.jpg\" alt width=\"300\" height=\"200\" srcset=\"https:\/\/copterweb.de\/wordpress\/wp-content\/uploads\/ILA24_06d-300x200.jpg 300w, https:\/\/copterweb.de\/wordpress\/wp-content\/uploads\/ILA24_06d-1024x684.jpg 1024w, https:\/\/copterweb.de\/wordpress\/wp-content\/uploads\/ILA24_06d-768x513.jpg 768w, https:\/\/copterweb.de\/wordpress\/wp-content\/uploads\/ILA24_06d.jpg 1200w\" sizes=\"(max-width: 300px) 100vw, 300px\"><\/a><\/td>\n<\/tr>\n<tr>\n<td style=\"text-align: center;\"><span style=\"font-family: arial, helvetica, sans-serif;\">F 35<\/span><\/td>\n<td style=\"text-align: center;\"><span style=\"font-family: arial, helvetica, sans-serif;\">Eurofighter<\/span><\/td>\n<\/tr>\n<\/tbody>\n<\/table>\n<p style=\"text-align: justify;\"><span style=\"font-family: arial, helvetica, sans-serif;\"><strong>Neue Hubschrauberbestellungen<br>\n<\/strong><\/span><span style=\"font-family: arial, helvetica, sans-serif;\">Die Vielfalt der <span class=\"caps\">ILA<\/span> zeig\u00adte sich auch in den Ergebnissen, die hier ver\u00adk\u00fcn\u00addet wor\u00adden sind. So hat <span class=\"caps\">HTM<\/span> bis zu drei Airbus H145-Hubschrauber f\u00fcr Offshore-Windkraft bestellt und die Bundesministerin des Innern, Nancy Faeser, war vor Ort, um den Vertrag mit Airbus Helicopters \u00fcber Transporthubschrauber vom Typ <span class=\"caps\">H225<\/span> Super Puma im Wert von 1,9 Mrd. Euro f\u00fcr die Bundespolizei zu unter\u00adzeich\u00adnen.<\/span><\/p>\n<p style=\"text-align: justify;\"><span style=\"font-family: arial, helvetica, sans-serif;\"><strong><a href=\"https:\/\/copterweb.de\/wordpress\/wp-content\/uploads\/ILA24_07.jpg\"><img loading=\"lazy\" decoding=\"async\" class=\"alignleft size-medium wp-image-11838\" src=\"https:\/\/copterweb.de\/wordpress\/wp-content\/uploads\/ILA24_07-300x200.jpg\" alt width=\"300\" height=\"200\" srcset=\"https:\/\/copterweb.de\/wordpress\/wp-content\/uploads\/ILA24_07-300x200.jpg 300w, https:\/\/copterweb.de\/wordpress\/wp-content\/uploads\/ILA24_07-1024x684.jpg 1024w, https:\/\/copterweb.de\/wordpress\/wp-content\/uploads\/ILA24_07-768x513.jpg 768w, https:\/\/copterweb.de\/wordpress\/wp-content\/uploads\/ILA24_07.jpg 1200w\" sizes=\"(max-width: 300px) 100vw, 300px\"><\/a><span class=\"caps\">HTM<\/span> bestellt bis zu drei Airbus H145-Hubschrauber f\u00fcr Offshore-Windkraft<br>\n<\/strong><\/span><span style=\"font-family: arial, helvetica, sans-serif;\"><span class=\"caps\">HTM<\/span> Helicopters hat einen Airbus <span class=\"caps\">H145<\/span> Hubschrauber mit Optionen f\u00fcr zwei wei\u00adte\u00adre Hubschrauber des glei\u00adchen Typs bestellt.<\/span><\/p>\n<p style=\"text-align: justify;\"><span style=\"font-family: arial, helvetica, sans-serif;\"><span class=\"caps\">HTM<\/span> wird die Hubschrauber f\u00fcr die Versorgung von Offshore-Windparks sowie f\u00fcr den Transport von Technikern zu den Windenergie-Anlagen an der deut\u00adschen Nordseek\u00fcste und in Frankreich ein\u00adset\u00adzen.<\/span><\/p>\n<p style=\"text-align: justify;\"><span style=\"font-family: arial, helvetica, sans-serif;\"><strong>Bernd Bruchseifer<\/strong> (Managing Director der <span class=\"caps\">HTM<\/span> -Helicopter Travel Munich GmbH-) sag\u00adte in Berlin: \u201eIn den ver\u00adgan\u00adge\u00adnen 15 Jahren im Offshore-Windgesch\u00e4ft haben wir fest\u00adge\u00adstellt, dass sich die Projekte immer wei\u00adter von der K\u00fcste ent\u00adfer\u00adnen und zus\u00e4tz\u00adli\u00adche Nutzlast erfor\u00addern, was uns dazu ver\u00adan\u00adlasst hat, unse\u00adre Flotte um wei\u00adte\u00adre <span class=\"caps\">H145<\/span> zu erwei\u00adtern. Neben der her\u00advor\u00adra\u00adgen\u00adden OEI-Leistung bie\u00adtet der Hubschrauber die M\u00f6glichkeit, schnell Rollenwechsel f\u00fcr ver\u00adschie\u00adde\u00adne Kundenmissionen durch\u00adzu\u00adf\u00fch\u00adren und ist sehr zuver\u00adl\u00e4s\u00adsig und ein\u00adfach zu war\u00adten. Wir flie\u00adgen die Hubschrauber unter her\u00adaus\u00adfor\u00addern\u00adden Bedingungen, und die <span class=\"caps\">H145<\/span> ist das per\u00adfek\u00adte Werkzeug f\u00fcr die Betriebs- und Wartungsphase im Offshore-Windbetrieb. Wir wer\u00adden in die\u00adsem Markt in naher Zukunft noch viel mehr Nachfrage sehen.\u201c<\/span><\/p>\n<p style=\"text-align: justify;\"><span style=\"font-family: arial, helvetica, sans-serif;\"><span class=\"caps\">HTM<\/span> war der ers\u00adte Betreiber, der 2021 eine <span class=\"caps\">H145<\/span> mit f\u00fcnf Rotorbl\u00e4ttern f\u00fcr den Offshore-Windenergieeinsatz in Empfang nahm. Ende 2023 wur\u00adde der Hubschrauber von <span class=\"caps\">HTM<\/span> in einem von Airbus gelei\u00adte\u00adten Weltpremierenversuch ein\u00adge\u00adsetzt, um zwei Besatzungsmitglieder in die Gondeln schwim\u00admen\u00adder Windturbinen in Hywind Tampen zu heben.<\/span><\/p>\n<p style=\"text-align: justify;\"><span style=\"font-family: arial, helvetica, sans-serif;\">Mit die\u00adser Bestellung wird HTMs aktu\u00adel\u00adle Flotte aus 18 Airbus-Hubschraubern erwei\u00adtert, dar\u00adun\u00adter eine Mischung aus <span class=\"caps\">H125<\/span>, <span class=\"caps\">H135<\/span> und <span class=\"caps\">H145<\/span>, die f\u00fcr ver\u00adschie\u00adde\u00adne Missionen ein\u00adge\u00adsetzt wer\u00adden. Mit der Lieferung des neu bestell\u00adten Hubschraubers w\u00e4chst HTMs gesam\u00adte H145-Flotte auf acht Hubschrauber. F\u00fcnf die\u00adser <span class=\"caps\">H145<\/span> wer\u00adden f\u00fcr Offshore-Missionen ein\u00adge\u00adsetzt.<\/span><\/p>\n<p style=\"text-align: justify;\"><span style=\"font-family: arial, helvetica, sans-serif;\">Die neu\u00ades\u00adte Version des Airbus-Bestsellers <span class=\"caps\">H145<\/span> ver\u00adf\u00fcgt \u00fcber einen inno\u00adva\u00adti\u00adven F\u00fcnfblattrotor f\u00fcr den Mehrzweckhubschrauber <span class=\"caps\">H145<\/span>, der die Nutzlast des Hubschraubers um 150&nbsp;kg erh\u00f6ht. Die Einfachheit des neu\u00aden lager\u00adlo\u00adsen Hauptrotordesigns erleich\u00adtert Wartungsarbeiten, ver\u00adbes\u00adsert die Wartungsfreundlichkeit und Zuverl\u00e4ssigkeit und erh\u00f6ht den Flugkomfort f\u00fcr Passagiere und Besatzung.<\/span><\/p>\n<p style=\"text-align: justify;\"><span style=\"font-family: arial, helvetica, sans-serif;\"><strong><a href=\"https:\/\/copterweb.de\/wordpress\/wp-content\/uploads\/ILA24_08-H225-Bundespolizei.jpg\"><img loading=\"lazy\" decoding=\"async\" class=\"alignright size-medium wp-image-11839\" src=\"https:\/\/copterweb.de\/wordpress\/wp-content\/uploads\/ILA24_08-H225-Bundespolizei-300x188.jpg\" alt width=\"300\" height=\"188\" srcset=\"https:\/\/copterweb.de\/wordpress\/wp-content\/uploads\/ILA24_08-H225-Bundespolizei-300x188.jpg 300w, https:\/\/copterweb.de\/wordpress\/wp-content\/uploads\/ILA24_08-H225-Bundespolizei-1024x640.jpg 1024w, https:\/\/copterweb.de\/wordpress\/wp-content\/uploads\/ILA24_08-H225-Bundespolizei-768x480.jpg 768w, https:\/\/copterweb.de\/wordpress\/wp-content\/uploads\/ILA24_08-H225-Bundespolizei.jpg 1200w\" sizes=\"(max-width: 300px) 100vw, 300px\"><\/a>Bundesinnenministerium bestellt bis zu 44 H225-Hubschrauber f\u00fcr die Bundespolizei<br>\n<\/strong><\/span><span style=\"font-family: arial, helvetica, sans-serif;\">Das Bundesinnenministerium hat den euro\u00adp\u00e4i\u00adschen Hubschrauberkonzern Airbus Helicopters beauf\u00adtragt, bis zu 44 Transporthubschrauber vom Typ <span class=\"caps\">H225<\/span> Super Puma f\u00fcr die Bundespolizei zu lie\u00adfern.<\/span><\/p>\n<p style=\"text-align: justify;\"><span style=\"font-family: arial, helvetica, sans-serif;\">Bundesinnenministerin Nancy Faeser stell\u00adte die\u00adse gro\u00ad\u00dfe Investition in die inne\u00adre Sicherheit am 06. Juni auf der Internationalen Luftfahrtausstellung <span class=\"caps\">ILA<\/span> in Berlin vor. Der Vertrag hat ein Auftragsvolumen von knapp 1,9 Milliarden Euro. Die neu\u00aden Hubschrauber sind mit moderns\u00adter Technologie aus\u00adge\u00adstat\u00adtet und wer\u00adden es der Bundespolizei erm\u00f6g\u00adli\u00adchen, effek\u00adti\u00adver zu ope\u00adrie\u00adren und fle\u00adxi\u00adbler auf die unter\u00adschied\u00adlichs\u00adten Einsatzanforderungen zu reagie\u00adren.<\/span><\/p>\n<p style=\"text-align: justify;\"><span style=\"font-family: arial, helvetica, sans-serif;\"><strong><a href=\"https:\/\/copterweb.de\/wordpress\/wp-content\/uploads\/ILA24_09-Nancy-Faeser-Quelle-BMI-Peter-Juelich.jpg\"><img loading=\"lazy\" decoding=\"async\" class=\"alignleft size-medium wp-image-11840\" src=\"https:\/\/copterweb.de\/wordpress\/wp-content\/uploads\/ILA24_09-Nancy-Faeser-Quelle-BMI-Peter-Juelich-300x169.jpg\" alt width=\"300\" height=\"169\" srcset=\"https:\/\/copterweb.de\/wordpress\/wp-content\/uploads\/ILA24_09-Nancy-Faeser-Quelle-BMI-Peter-Juelich-300x169.jpg 300w, https:\/\/copterweb.de\/wordpress\/wp-content\/uploads\/ILA24_09-Nancy-Faeser-Quelle-BMI-Peter-Juelich-1024x577.jpg 1024w, https:\/\/copterweb.de\/wordpress\/wp-content\/uploads\/ILA24_09-Nancy-Faeser-Quelle-BMI-Peter-Juelich-768x433.jpg 768w, https:\/\/copterweb.de\/wordpress\/wp-content\/uploads\/ILA24_09-Nancy-Faeser-Quelle-BMI-Peter-Juelich.jpg 1200w\" sizes=\"(max-width: 300px) 100vw, 300px\"><\/a>Bundesinnenministerin Nancy Faeser:<\/strong> \u201eDie Bundespolizei leis\u00adtet tag\u00adt\u00e4g\u00adlich her\u00adaus\u00adra\u00adgen\u00adde Arbeit f\u00fcr die Sicherheit unse\u00adres Landes, und das oft unter schwie\u00adri\u00adgen und gef\u00e4hr\u00adli\u00adchen Bedingungen. Mit den hoch\u00admo\u00adder\u00adnen neu\u00aden Hubschraubern wird die Bundespolizei ihre Aufgaben zur Sicherung unse\u00adrer Grenzen, bei der Terrorismusbek\u00e4mpfung, dem Schutz kri\u00adti\u00adscher Infrastrukturen oder bei Gro\u00dfeins\u00e4tzen noch schnel\u00adler und fle\u00adxi\u00adbler erf\u00fcl\u00adlen k\u00f6n\u00adnen. Die neu\u00aden Hubschrauber wer\u00adden au\u00dfer\u00addem eine zen\u00adtra\u00adle Rolle im Bev\u00f6lkerungsschutz spie\u00adlen, indem sie Rettungs- und Evakuierungsma\u00dfnahmen unter\u00adst\u00fct\u00adzen und Hilfsg\u00fcter in schwer zug\u00e4ng\u00adli\u00adche Gebiete trans\u00adpor\u00adtie\u00adren. Etwa bei Hochwasserkatastrophen und Waldbr\u00e4nden k\u00f6n\u00adnen die neu\u00aden Hubschrauber ein\u00adge\u00adsetzt wer\u00adden \u2013 und gr\u00f6\u00ad\u00dfe\u00adre Lasten tra\u00adgen als die bis\u00adhe\u00adri\u00adge Flotte.<\/span><\/p>\n<p style=\"text-align: justify;\"><span style=\"font-family: arial, helvetica, sans-serif;\">Dieser Auftrag ist eine der gr\u00f6\u00df\u00adten Investitionen in der Geschichte der Bundespolizei. Und es ist eine der gr\u00f6\u00df\u00adten Investitionen der Bundesregierung in die inne\u00adre Sicherheit. Ich dan\u00adke dem Deutschen Bundestag als Haushaltsgesetzgeber, dass wir die Sicherheit unse\u00adres Landes damit st\u00e4r\u00adken k\u00f6n\u00adnen.\u201d<\/span><\/p>\n<p style=\"text-align: justify;\"><span style=\"font-family: arial, helvetica, sans-serif;\"><strong><a href=\"https:\/\/copterweb.de\/wordpress\/wp-content\/uploads\/ILA24_10-Dr.-Dieter-Romann-Quelle-Bundespolizei.jpg\"><img loading=\"lazy\" decoding=\"async\" class=\"alignright size-medium wp-image-11841\" src=\"https:\/\/copterweb.de\/wordpress\/wp-content\/uploads\/ILA24_10-Dr.-Dieter-Romann-Quelle-Bundespolizei-300x178.jpg\" alt width=\"300\" height=\"178\" srcset=\"https:\/\/copterweb.de\/wordpress\/wp-content\/uploads\/ILA24_10-Dr.-Dieter-Romann-Quelle-Bundespolizei-300x178.jpg 300w, https:\/\/copterweb.de\/wordpress\/wp-content\/uploads\/ILA24_10-Dr.-Dieter-Romann-Quelle-Bundespolizei-1024x608.jpg 1024w, https:\/\/copterweb.de\/wordpress\/wp-content\/uploads\/ILA24_10-Dr.-Dieter-Romann-Quelle-Bundespolizei-768x456.jpg 768w, https:\/\/copterweb.de\/wordpress\/wp-content\/uploads\/ILA24_10-Dr.-Dieter-Romann-Quelle-Bundespolizei.jpg 1200w\" sizes=\"(max-width: 300px) 100vw, 300px\"><\/a>Bundespolizeipr\u00e4sident Dr. Dieter Romann<\/strong>: \u201eEs geht hier um eine lang\u00adfris\u00adti\u00adge Investition in den pro\u00adfes\u00adsio\u00adnel\u00adlen Flugdienst der Bundespolizei. Das ist, ins\u00adbe\u00adson\u00adde\u00adre vor dem Hintergrund der all\u00adge\u00admei\u00adnen Haushaltssituation, eine beson\u00adders bemer\u00adkens\u00adwer\u00adte Wertsch\u00e4tzung.\u201d<\/span><\/p>\n<p style=\"text-align: justify;\"><span style=\"font-family: arial, helvetica, sans-serif;\">Die neu\u00aden Hubschrauber sol\u00adlen die bis\u00adhe\u00adri\u00adge Flotte bestehend aus 19 <span class=\"caps\">EC<\/span> 155 und 19 <span class=\"caps\">AS<\/span> 332 Super Pumas, die im Schnitt seit 30 Jahren im Einsatz sind, schritt\u00adwei\u00adse erset\u00adzen.<\/span><\/p>\n<p style=\"text-align: justify;\"><span style=\"font-family: arial, helvetica, sans-serif;\">Die Anschaffung der neu\u00aden Hubschrauber bedeu\u00adtet einen F\u00e4higkeitsgewinn hin\u00adsicht\u00adlich der Reichweite und der Nutzlast. Verschiedenste Kabinenvariationen und extra daf\u00fcr ange\u00adpass\u00adte Kommunikationsm\u00f6glichkeiten bie\u00adten den Einsatzkr\u00e4ften der Bundespolizei, von der Hundertschaft bis zu den Spezialeinheiten der <span class=\"caps\">GSG<\/span> 9, k\u00fcnf\u00adtig mehr M\u00f6glichkeiten und Flexibilit\u00e4t, Kr\u00e4fte schnell zu ver\u00adle\u00adgen und ein\u00adzu\u00adset\u00adzen.<\/span><\/p>\n<p style=\"text-align: justify;\"><span style=\"font-family: arial, helvetica, sans-serif;\">Mit der moder\u00adnen Technik der neu\u00aden Hubschrauber wird den h\u00f6chs\u00adten Anforderungen an die Flugsicherheit Rechnung getra\u00adgen. Auch der Gesundheitsschutz f\u00fcr die Einsatzkr\u00e4fte der Bundespolizei wird hier\u00addurch auf ein neu\u00ades Level geho\u00adben.<\/span><\/p>\n<p style=\"text-align: justify;\"><span style=\"font-family: arial, helvetica, sans-serif;\">Die Anschaffung von 38 Hubschraubern ist fest ver\u00adein\u00adbart, zudem gibt es die Option f\u00fcr wei\u00adte\u00adre sechs Hubschrauber. Die Auslieferung des ers\u00adten Hubschraubers wird bis Ende 2029 ange\u00adstrebt. Die Lieferungen wer\u00adden sich dann bis in das Jahr 2035 erstre\u00adcken.<\/span><\/p>\n<p style=\"text-align: justify;\"><span style=\"font-family: arial, helvetica, sans-serif;\">Neben den Hubschraubern wer\u00adden zwei Flugsimulatoren, Winden- und Kabinensimulation, umfang\u00adrei\u00adche Trainings- und Schulungsleistungen, Werkzeug- und Dockausstattung sowie tech\u00adni\u00adsche Unterst\u00fctzung im Anfangsflugbetrieb erwor\u00adben.<\/span><\/p>\n<p style=\"text-align: justify;\"><span style=\"font-family: arial, helvetica, sans-serif;\"><strong><a href=\"https:\/\/copterweb.de\/wordpress\/wp-content\/uploads\/ILA24_11.jpg\"><img loading=\"lazy\" decoding=\"async\" class=\"alignleft size-medium wp-image-11842\" src=\"https:\/\/copterweb.de\/wordpress\/wp-content\/uploads\/ILA24_11-300x200.jpg\" alt width=\"300\" height=\"200\" srcset=\"https:\/\/copterweb.de\/wordpress\/wp-content\/uploads\/ILA24_11-300x200.jpg 300w, https:\/\/copterweb.de\/wordpress\/wp-content\/uploads\/ILA24_11-1024x683.jpg 1024w, https:\/\/copterweb.de\/wordpress\/wp-content\/uploads\/ILA24_11-768x512.jpg 768w, https:\/\/copterweb.de\/wordpress\/wp-content\/uploads\/ILA24_11.jpg 1200w\" sizes=\"(max-width: 300px) 100vw, 300px\"><\/a>Airbus zeig\u00adte H145-Testtr\u00e4ger PioneerLab<br>\n<\/strong><\/span><span style=\"font-family: arial, helvetica, sans-serif;\">Schon w\u00e4h\u00adrend der Deutschen Luftfahrtkonferenz in Hamburg im Herbst letz\u00adten Jahres stell\u00adte Airbus Helicopters das PioneerLab, sei\u00adnen zwei\u00admo\u00adto\u00adri\u00adgen Technologiedemonstrator auf Basis der <span class=\"caps\">H145-<\/span> Plattform, vor. Nun war die <span class=\"caps\">H145<\/span> mit der Kennung D-HADS aus Donauw\u00f6rth auf der <span class=\"caps\">ILA<\/span> zu sehen.<\/span><\/p>\n<p style=\"text-align: justify;\"><span style=\"font-family: arial, helvetica, sans-serif;\">Er erg\u00e4nzt das FlightLab-Angebot von Airbus und kon\u00adzen\u00adtriert sich auf die Erprobung von Technologien zur Reduzierung der Hubschrauberemissionen, zur Erh\u00f6hung der Autonomie und zur Integration bio\u00adba\u00adsier\u00adter Materialien. Das PioneerLab soll dank eines hybrid\u00adelek\u00adtri\u00adschen Antriebssystems und aero\u00addy\u00adna\u00admi\u00adscher<\/span><\/p>\n<p style=\"text-align: justify;\"><span style=\"font-family: arial, helvetica, sans-serif;\">Verbesserungen eine Treibstoffeinsparung von bis zu 30 % im Vergleich zu einem her\u00adk\u00f6mm\u00adli\u00adchen <span class=\"caps\">H145<\/span> demons\u00adtrie\u00adren. An Bord des Demonstrators wird Airbus Helicopters auch Strukturkomponenten aus bio\u00adba\u00adsier\u00adten und recy\u00adcel\u00adten Materialien im Flugtest erpro\u00adben, die den \u00f6ko\u00adlo\u00adgi\u00adschen Fu\u00dfabdruck \u00fcber den gesam\u00adten Lebenszyklus des Flugzeugs hin\u00adweg redu\u00adzie\u00adren sol\u00adlen. Das Unternehmen beab\u00adsich\u00adtigt, die neu\u00aden Teile mit Verfahren her\u00adzu\u00adstel\u00adlen, die den Material- und Energieverbrauch sen\u00adken und die Recyclingf\u00e4higkeit ver\u00adbes\u00adsern. Weitere Forschungsaktivit\u00e4ten umfas\u00adsen die Integration neu\u00ades\u00adter digi\u00adta\u00adler Technologien in das Flugsteuerungssystem des Flugzeugs und die zuge\u00adh\u00f6\u00adri\u00adgen Sensoren, um die Autonomie und Sicherheit w\u00e4h\u00adrend kri\u00adti\u00adscher Flugphasen wie Start und Landung zu erh\u00f6\u00adhen.<\/span><\/p>\n<p style=\"text-align: justify;\"><span style=\"font-family: arial, helvetica, sans-serif;\"><strong><a href=\"https:\/\/copterweb.de\/wordpress\/wp-content\/uploads\/ILA24_12.jpg\"><img loading=\"lazy\" decoding=\"async\" class=\"alignright size-medium wp-image-11843\" src=\"https:\/\/copterweb.de\/wordpress\/wp-content\/uploads\/ILA24_12-300x200.jpg\" alt width=\"300\" height=\"200\" srcset=\"https:\/\/copterweb.de\/wordpress\/wp-content\/uploads\/ILA24_12-300x200.jpg 300w, https:\/\/copterweb.de\/wordpress\/wp-content\/uploads\/ILA24_12-1024x684.jpg 1024w, https:\/\/copterweb.de\/wordpress\/wp-content\/uploads\/ILA24_12-768x513.jpg 768w, https:\/\/copterweb.de\/wordpress\/wp-content\/uploads\/ILA24_12.jpg 1200w\" sizes=\"(max-width: 300px) 100vw, 300px\"><\/a>Farewell Sea King<br>\n<\/strong><\/span><span style=\"font-family: arial, helvetica, sans-serif;\">Wie bereits erw\u00e4hnt, kam als beson\u00adde\u00adres Highlight von Freitag bis Sonntag die Sea King letzt\u00adma\u00adlig nach Berlin und nahm Abschied in einer gemein\u00adsa\u00admen Vorf\u00fchrung mit dem Airbus <span class=\"caps\">H145M<\/span> <span class=\"caps\">LUH<\/span> <span class=\"caps\">SAR<\/span> teil. In Berlin war die 89+58 mit der Sonderlackierung \u201eFarewell Sea King\u201c zu sehen.<\/span><\/p>\n<p style=\"text-align: justify;\"><span style=\"font-family: arial, helvetica, sans-serif;\">Die Westland Sea King <span class=\"caps\">MK<\/span> 41 war \u00fcber f\u00fcnf Jahrzehnte der gro\u00ad\u00dfe Standardhubschrauber der deut\u00adschen Marine. Von Sikorsky als \u201e<span class=\"caps\">H3<\/span>\u201d ent\u00adwor\u00adfen, wur\u00adden sei\u00adner\u00adzeit die 22 Maschinen der deut\u00adschen Marine von Westland in Lizenz gebaut. 1974 stell\u00adte das <span class=\"caps\">MFG<\/span> 5&nbsp;sei\u00adne ers\u00adten bei\u00adden Westland Sea King Mk 41&nbsp;in den Dienst. In den sich dar\u00adan anschlie\u00ad\u00dfen\u00adden f\u00fcnf Jahrzehnten wur\u00adde mit dem Multi-Role-Hubschrauber ein St\u00fcck Marinegeschichte geschrie\u00adben. Lange Zeit war die Sea King auch ein Wahrzeichen f\u00fcr Kiel und des\u00adsen Umland. Mit fes\u00adten Au\u00dfenlandepl\u00e4tzen auf Helgoland, Borkum und sp\u00e4\u00adter in Warnem\u00fcnde wur\u00adden immer zwei Hubschrauber f\u00fcr den mari\u00adti\u00admen Such- und Rettungsdienst rund um die Uhr in Bereitschaft vor\u00adge\u00adhal\u00adten. Das durch die Sea Kings abge\u00addeck\u00adte Einsatzspektrum war mit schwe\u00adren Schiffshavarien, Luftnotf\u00e4llen, Krankentransport von den Inseln und von Schiffen bis hin zu Personensuchen breit gef\u00e4\u00adchert. Ende August die\u00adsen Jahres wird der Sympathietr\u00e4ger der Bundeswehr nun in den Ruhestand gehen. Als Nachfolger ist bereits der Marinehubschrauber <span class=\"caps\">NH-90<\/span> <span class=\"caps\">NTH<\/span> \u201cSea Lion\u201c im Einsatz und hat nach und nach die Aufgaben \u00fcber\u00adnom\u00admen.<\/span><\/p>\n<p style=\"text-align: justify;\"><strong><span style=\"font-family: arial, helvetica, sans-serif;\">Flugvorf\u00fchrung mit <span class=\"caps\">H145M<\/span> <span class=\"caps\">LUH<\/span> <span class=\"caps\">SAR<\/span> und Sea King<\/span><\/strong><\/p>\n<table>\n<tbody>\n<tr>\n<td width=\"203\"><a href=\"https:\/\/copterweb.de\/wordpress\/wp-content\/uploads\/ILA24_13a.jpg\"><img loading=\"lazy\" decoding=\"async\" class=\"alignleft size-medium wp-image-11844\" src=\"https:\/\/copterweb.de\/wordpress\/wp-content\/uploads\/ILA24_13a-300x201.jpg\" alt width=\"300\" height=\"201\" srcset=\"https:\/\/copterweb.de\/wordpress\/wp-content\/uploads\/ILA24_13a-300x201.jpg 300w, https:\/\/copterweb.de\/wordpress\/wp-content\/uploads\/ILA24_13a-1024x686.jpg 1024w, https:\/\/copterweb.de\/wordpress\/wp-content\/uploads\/ILA24_13a-768x515.jpg 768w, https:\/\/copterweb.de\/wordpress\/wp-content\/uploads\/ILA24_13a.jpg 1200w\" sizes=\"(max-width: 300px) 100vw, 300px\"><\/a><\/td>\n<td width=\"204\"><a href=\"https:\/\/copterweb.de\/wordpress\/wp-content\/uploads\/ILA24_13b.jpg\"><img loading=\"lazy\" decoding=\"async\" class=\"alignleft size-medium wp-image-11845\" src=\"https:\/\/copterweb.de\/wordpress\/wp-content\/uploads\/ILA24_13b-300x200.jpg\" alt width=\"300\" height=\"200\" srcset=\"https:\/\/copterweb.de\/wordpress\/wp-content\/uploads\/ILA24_13b-300x200.jpg 300w, https:\/\/copterweb.de\/wordpress\/wp-content\/uploads\/ILA24_13b-1024x684.jpg 1024w, https:\/\/copterweb.de\/wordpress\/wp-content\/uploads\/ILA24_13b-768x513.jpg 768w, https:\/\/copterweb.de\/wordpress\/wp-content\/uploads\/ILA24_13b.jpg 1200w\" sizes=\"(max-width: 300px) 100vw, 300px\"><\/a><\/td>\n<\/tr>\n<tr>\n<td width=\"203\"><a href=\"https:\/\/copterweb.de\/wordpress\/wp-content\/uploads\/ILA24_13c.jpg\"><img loading=\"lazy\" decoding=\"async\" class=\"alignleft size-medium wp-image-11846\" src=\"https:\/\/copterweb.de\/wordpress\/wp-content\/uploads\/ILA24_13c-300x200.jpg\" alt width=\"300\" height=\"200\" srcset=\"https:\/\/copterweb.de\/wordpress\/wp-content\/uploads\/ILA24_13c-300x200.jpg 300w, https:\/\/copterweb.de\/wordpress\/wp-content\/uploads\/ILA24_13c-1024x682.jpg 1024w, https:\/\/copterweb.de\/wordpress\/wp-content\/uploads\/ILA24_13c-768x511.jpg 768w, https:\/\/copterweb.de\/wordpress\/wp-content\/uploads\/ILA24_13c.jpg 1200w\" sizes=\"(max-width: 300px) 100vw, 300px\"><\/a><\/td>\n<td width=\"204\"><a href=\"https:\/\/copterweb.de\/wordpress\/wp-content\/uploads\/ILA24_13d.jpg\"><img loading=\"lazy\" decoding=\"async\" class=\"alignleft size-medium wp-image-11847\" src=\"https:\/\/copterweb.de\/wordpress\/wp-content\/uploads\/ILA24_13d-300x200.jpg\" alt width=\"300\" height=\"200\" srcset=\"https:\/\/copterweb.de\/wordpress\/wp-content\/uploads\/ILA24_13d-300x200.jpg 300w, https:\/\/copterweb.de\/wordpress\/wp-content\/uploads\/ILA24_13d-1024x683.jpg 1024w, https:\/\/copterweb.de\/wordpress\/wp-content\/uploads\/ILA24_13d-768x512.jpg 768w, https:\/\/copterweb.de\/wordpress\/wp-content\/uploads\/ILA24_13d.jpg 1200w\" sizes=\"(max-width: 300px) 100vw, 300px\"><\/a><\/td>\n<\/tr>\n<\/tbody>\n<\/table>\n<p style=\"text-align: justify;\"><span style=\"font-family: arial, helvetica, sans-serif;\"><strong>Neue <span class=\"caps\">ILA-<\/span> Rahmenvereinbarung f\u00fcr die Zeit von 2026\u2009\u2013\u20092030<br>\n<\/strong><\/span><span style=\"font-family: arial, helvetica, sans-serif;\">Schon am 09.04.2024 wur\u00adde auf der dama\u00adli\u00adgen gemein\u00adsa\u00admen Kabinettssitzung des Senats von Berlin und der Landesregierung Brandenburg von bei\u00adden L\u00e4ndern der Rahmenvereinbarung zur Durchf\u00fchrung der Internationalen Luft- und Raumfahrtausstellung (<span class=\"caps\">ILA<\/span>) 2026 bis 2030 beschlos\u00adsen.<\/span><\/p>\n<p style=\"text-align: justify;\"><span style=\"font-family: arial, helvetica, sans-serif;\">Die n\u00e4chs\u00adte <span class=\"caps\">ILA<\/span> Berlin fin\u00addet vom 10.\u2009\u2013\u200914.06.2026 statt.&nbsp;<\/span><\/p>\n<p style=\"text-align: justify;\"><span style=\"font-family: arial, helvetica, sans-serif;\">Abschlie\u00dfend noch eini\u00adge Heli-Impressionen, die wir im Laufe der Tage sam\u00admeln konn\u00adten:<\/span><\/p>\n<table>\n<tbody>\n<tr>\n<td width=\"203\"><a href=\"https:\/\/copterweb.de\/wordpress\/wp-content\/uploads\/ILA24_14.jpg\"><img loading=\"lazy\" decoding=\"async\" class=\"alignleft size-medium wp-image-11848\" src=\"https:\/\/copterweb.de\/wordpress\/wp-content\/uploads\/ILA24_14-300x200.jpg\" alt width=\"300\" height=\"200\" srcset=\"https:\/\/copterweb.de\/wordpress\/wp-content\/uploads\/ILA24_14-300x200.jpg 300w, https:\/\/copterweb.de\/wordpress\/wp-content\/uploads\/ILA24_14-1024x684.jpg 1024w, https:\/\/copterweb.de\/wordpress\/wp-content\/uploads\/ILA24_14-768x513.jpg 768w, https:\/\/copterweb.de\/wordpress\/wp-content\/uploads\/ILA24_14.jpg 1200w\" sizes=\"(max-width: 300px) 100vw, 300px\"><\/a><\/td>\n<td width=\"204\"><a href=\"https:\/\/copterweb.de\/wordpress\/wp-content\/uploads\/ILA24_15.jpg\"><img loading=\"lazy\" decoding=\"async\" class=\"alignleft size-medium wp-image-11849\" src=\"https:\/\/copterweb.de\/wordpress\/wp-content\/uploads\/ILA24_15-300x201.jpg\" alt width=\"300\" height=\"201\" srcset=\"https:\/\/copterweb.de\/wordpress\/wp-content\/uploads\/ILA24_15-300x201.jpg 300w, https:\/\/copterweb.de\/wordpress\/wp-content\/uploads\/ILA24_15-1024x685.jpg 1024w, https:\/\/copterweb.de\/wordpress\/wp-content\/uploads\/ILA24_15-768x514.jpg 768w, https:\/\/copterweb.de\/wordpress\/wp-content\/uploads\/ILA24_15.jpg 1200w\" sizes=\"(max-width: 300px) 100vw, 300px\"><\/a><\/td>\n<\/tr>\n<tr>\n<td width=\"203\"><a href=\"https:\/\/copterweb.de\/wordpress\/wp-content\/uploads\/ILA24_16.jpg\"><img loading=\"lazy\" decoding=\"async\" class=\"alignleft size-medium wp-image-11850\" src=\"https:\/\/copterweb.de\/wordpress\/wp-content\/uploads\/ILA24_16-300x200.jpg\" alt width=\"300\" height=\"200\" srcset=\"https:\/\/copterweb.de\/wordpress\/wp-content\/uploads\/ILA24_16-300x200.jpg 300w, https:\/\/copterweb.de\/wordpress\/wp-content\/uploads\/ILA24_16-1024x684.jpg 1024w, https:\/\/copterweb.de\/wordpress\/wp-content\/uploads\/ILA24_16-768x513.jpg 768w, https:\/\/copterweb.de\/wordpress\/wp-content\/uploads\/ILA24_16.jpg 1200w\" sizes=\"(max-width: 300px) 100vw, 300px\"><\/a><\/td>\n<td width=\"204\"><a href=\"https:\/\/copterweb.de\/wordpress\/wp-content\/uploads\/ILA24_17.jpg\"><img loading=\"lazy\" decoding=\"async\" class=\"alignleft size-medium wp-image-11851\" src=\"https:\/\/copterweb.de\/wordpress\/wp-content\/uploads\/ILA24_17-300x200.jpg\" alt width=\"300\" height=\"200\" srcset=\"https:\/\/copterweb.de\/wordpress\/wp-content\/uploads\/ILA24_17-300x200.jpg 300w, https:\/\/copterweb.de\/wordpress\/wp-content\/uploads\/ILA24_17-1024x683.jpg 1024w, https:\/\/copterweb.de\/wordpress\/wp-content\/uploads\/ILA24_17-768x512.jpg 768w, https:\/\/copterweb.de\/wordpress\/wp-content\/uploads\/ILA24_17.jpg 1200w\" sizes=\"(max-width: 300px) 100vw, 300px\"><\/a><\/td>\n<\/tr>\n<tr>\n<td width=\"203\"><a href=\"https:\/\/copterweb.de\/wordpress\/wp-content\/uploads\/ILA24_18.jpg\"><img loading=\"lazy\" decoding=\"async\" class=\"alignleft size-medium wp-image-11852\" src=\"https:\/\/copterweb.de\/wordpress\/wp-content\/uploads\/ILA24_18-300x200.jpg\" alt width=\"300\" height=\"200\" srcset=\"https:\/\/copterweb.de\/wordpress\/wp-content\/uploads\/ILA24_18-300x200.jpg 300w, https:\/\/copterweb.de\/wordpress\/wp-content\/uploads\/ILA24_18-1024x683.jpg 1024w, https:\/\/copterweb.de\/wordpress\/wp-content\/uploads\/ILA24_18-768x512.jpg 768w, https:\/\/copterweb.de\/wordpress\/wp-content\/uploads\/ILA24_18.jpg 1200w\" sizes=\"(max-width: 300px) 100vw, 300px\"><\/a><\/td>\n<td width=\"204\"><a href=\"https:\/\/copterweb.de\/wordpress\/wp-content\/uploads\/ILA24_19.jpg\"><img loading=\"lazy\" decoding=\"async\" class=\"alignleft size-medium wp-image-11853\" src=\"https:\/\/copterweb.de\/wordpress\/wp-content\/uploads\/ILA24_19-300x201.jpg\" alt width=\"300\" height=\"201\" srcset=\"https:\/\/copterweb.de\/wordpress\/wp-content\/uploads\/ILA24_19-300x201.jpg 300w, https:\/\/copterweb.de\/wordpress\/wp-content\/uploads\/ILA24_19-1024x684.jpg 1024w, https:\/\/copterweb.de\/wordpress\/wp-content\/uploads\/ILA24_19-768x513.jpg 768w, https:\/\/copterweb.de\/wordpress\/wp-content\/uploads\/ILA24_19.jpg 1200w\" sizes=\"(max-width: 300px) 100vw, 300px\"><\/a><\/td>\n<\/tr>\n<tr>\n<td width=\"203\"><a href=\"https:\/\/copterweb.de\/wordpress\/wp-content\/uploads\/ILA24_20.jpg\"><img loading=\"lazy\" decoding=\"async\" class=\"alignleft size-medium wp-image-11854\" src=\"https:\/\/copterweb.de\/wordpress\/wp-content\/uploads\/ILA24_20-300x200.jpg\" alt width=\"300\" height=\"200\" srcset=\"https:\/\/copterweb.de\/wordpress\/wp-content\/uploads\/ILA24_20-300x200.jpg 300w, https:\/\/copterweb.de\/wordpress\/wp-content\/uploads\/ILA24_20-1024x684.jpg 1024w, https:\/\/copterweb.de\/wordpress\/wp-content\/uploads\/ILA24_20-768x513.jpg 768w, https:\/\/copterweb.de\/wordpress\/wp-content\/uploads\/ILA24_20.jpg 1200w\" sizes=\"(max-width: 300px) 100vw, 300px\"><\/a><\/td>\n<td width=\"204\"><a href=\"https:\/\/copterweb.de\/wordpress\/wp-content\/uploads\/ILA24_21.jpg\"><img loading=\"lazy\" decoding=\"async\" class=\"alignleft size-medium wp-image-11855\" src=\"https:\/\/copterweb.de\/wordpress\/wp-content\/uploads\/ILA24_21-300x200.jpg\" alt width=\"300\" height=\"200\" srcset=\"https:\/\/copterweb.de\/wordpress\/wp-content\/uploads\/ILA24_21-300x200.jpg 300w, https:\/\/copterweb.de\/wordpress\/wp-content\/uploads\/ILA24_21-1024x684.jpg 1024w, https:\/\/copterweb.de\/wordpress\/wp-content\/uploads\/ILA24_21-768x513.jpg 768w, https:\/\/copterweb.de\/wordpress\/wp-content\/uploads\/ILA24_21.jpg 1200w\" sizes=\"(max-width: 300px) 100vw, 300px\"><\/a><\/td>\n<\/tr>\n<tr>\n<td width=\"203\"><a href=\"https:\/\/copterweb.de\/wordpress\/wp-content\/uploads\/ILA24_22.jpg\"><img loading=\"lazy\" decoding=\"async\" class=\"alignleft size-medium wp-image-11856\" src=\"https:\/\/copterweb.de\/wordpress\/wp-content\/uploads\/ILA24_22-300x200.jpg\" alt width=\"300\" height=\"200\" srcset=\"https:\/\/copterweb.de\/wordpress\/wp-content\/uploads\/ILA24_22-300x200.jpg 300w, https:\/\/copterweb.de\/wordpress\/wp-content\/uploads\/ILA24_22-1024x684.jpg 1024w, https:\/\/copterweb.de\/wordpress\/wp-content\/uploads\/ILA24_22-768x513.jpg 768w, https:\/\/copterweb.de\/wordpress\/wp-content\/uploads\/ILA24_22.jpg 1200w\" sizes=\"(max-width: 300px) 100vw, 300px\"><\/a><\/td>\n<td width=\"204\"><a href=\"https:\/\/copterweb.de\/wordpress\/wp-content\/uploads\/ILA24_23.jpg\"><img loading=\"lazy\" decoding=\"async\" class=\"alignleft size-medium wp-image-11857\" src=\"https:\/\/copterweb.de\/wordpress\/wp-content\/uploads\/ILA24_23-300x200.jpg\" alt width=\"300\" height=\"200\" srcset=\"https:\/\/copterweb.de\/wordpress\/wp-content\/uploads\/ILA24_23-300x200.jpg 300w, https:\/\/copterweb.de\/wordpress\/wp-content\/uploads\/ILA24_23-1024x683.jpg 1024w, https:\/\/copterweb.de\/wordpress\/wp-content\/uploads\/ILA24_23-768x512.jpg 768w, https:\/\/copterweb.de\/wordpress\/wp-content\/uploads\/ILA24_23.jpg 1200w\" sizes=\"(max-width: 300px) 100vw, 300px\"><\/a><\/td>\n<\/tr>\n<tr>\n<td width=\"203\"><a href=\"https:\/\/copterweb.de\/wordpress\/wp-content\/uploads\/ILA24_24.jpg\"><img loading=\"lazy\" decoding=\"async\" class=\"alignleft size-medium wp-image-11858\" src=\"https:\/\/copterweb.de\/wordpress\/wp-content\/uploads\/ILA24_24-300x201.jpg\" alt width=\"300\" height=\"201\" srcset=\"https:\/\/copterweb.de\/wordpress\/wp-content\/uploads\/ILA24_24-300x201.jpg 300w, https:\/\/copterweb.de\/wordpress\/wp-content\/uploads\/ILA24_24-1024x684.jpg 1024w, https:\/\/copterweb.de\/wordpress\/wp-content\/uploads\/ILA24_24-768x513.jpg 768w, https:\/\/copterweb.de\/wordpress\/wp-content\/uploads\/ILA24_24.jpg 1200w\" sizes=\"(max-width: 300px) 100vw, 300px\"><\/a><\/td>\n<td width=\"204\"><a href=\"https:\/\/copterweb.de\/wordpress\/wp-content\/uploads\/ILA24_25.jpg\"><img loading=\"lazy\" decoding=\"async\" class=\"alignleft size-medium wp-image-11859\" src=\"https:\/\/copterweb.de\/wordpress\/wp-content\/uploads\/ILA24_25-300x200.jpg\" alt width=\"300\" height=\"200\" srcset=\"https:\/\/copterweb.de\/wordpress\/wp-content\/uploads\/ILA24_25-300x200.jpg 300w, https:\/\/copterweb.de\/wordpress\/wp-content\/uploads\/ILA24_25-1024x684.jpg 1024w, https:\/\/copterweb.de\/wordpress\/wp-content\/uploads\/ILA24_25-768x513.jpg 768w, https:\/\/copterweb.de\/wordpress\/wp-content\/uploads\/ILA24_25.jpg 1200w\" sizes=\"(max-width: 300px) 100vw, 300px\"><\/a><\/td>\n<\/tr>\n<tr>\n<td width=\"203\"><a href=\"https:\/\/copterweb.de\/wordpress\/wp-content\/uploads\/ILA24_26.jpg\"><img loading=\"lazy\" decoding=\"async\" class=\"alignleft size-medium wp-image-11860\" src=\"https:\/\/copterweb.de\/wordpress\/wp-content\/uploads\/ILA24_26-300x200.jpg\" alt width=\"300\" height=\"200\" srcset=\"https:\/\/copterweb.de\/wordpress\/wp-content\/uploads\/ILA24_26-300x200.jpg 300w, https:\/\/copterweb.de\/wordpress\/wp-content\/uploads\/ILA24_26-1024x683.jpg 1024w, https:\/\/copterweb.de\/wordpress\/wp-content\/uploads\/ILA24_26-768x512.jpg 768w, https:\/\/copterweb.de\/wordpress\/wp-content\/uploads\/ILA24_26.jpg 1200w\" sizes=\"(max-width: 300px) 100vw, 300px\"><\/a><\/td>\n<td width=\"204\"><a href=\"https:\/\/copterweb.de\/wordpress\/wp-content\/uploads\/ILA24_27.jpg\"><img loading=\"lazy\" decoding=\"async\" class=\"alignleft size-medium wp-image-11861\" src=\"https:\/\/copterweb.de\/wordpress\/wp-content\/uploads\/ILA24_27-300x200.jpg\" alt width=\"300\" height=\"200\" srcset=\"https:\/\/copterweb.de\/wordpress\/wp-content\/uploads\/ILA24_27-300x200.jpg 300w, https:\/\/copterweb.de\/wordpress\/wp-content\/uploads\/ILA24_27-1024x683.jpg 1024w, https:\/\/copterweb.de\/wordpress\/wp-content\/uploads\/ILA24_27-768x512.jpg 768w, https:\/\/copterweb.de\/wordpress\/wp-content\/uploads\/ILA24_27.jpg 1200w\" sizes=\"(max-width: 300px) 100vw, 300px\"><\/a><\/td>\n<\/tr>\n<\/tbody>\n<\/table>\n<p style=\"text-align: justify;\"><span style=\"font-family: arial, helvetica, sans-serif;\"><strong>Autor:<\/strong> Rolf Klukowski, Berlin<\/span><\/p>\n","protected":false},"excerpt":{"rendered":"<p>F\u00fcnf Tage lang dreh\u00adte sich am <span class=\"caps\">BER<\/span>, dem Flughafen der Hauptstadtregion, alles um die Zukunft der Luft- und Raumfahrt. Unter dem Motto \u201cPioneering Aerospace\u201d kamen die inter\u00adna\u00adtio\u00adna\u00adle Industrie, Politik, Streitkr\u00e4fte und Wissenschaft zusam\u00admen. Rund 600 Aussteller aus 31 Nationen pr\u00e4\u00adsen\u00adtier\u00adten \u2026 <a href=\"https:\/\/copterweb.de\/wordpress\/ila-berlin-schliesst-mit-besucherplus-ein-rueckblick\/\">Weiterlesen <span class=\"meta-nav\">\u2192<\/span><\/a><\/p>\n","protected":false},"author":7,"featured_media":11341,"comment_status":"closed","ping_status":"open","sticky":false,"template":"","format":"standard","meta":{"ngg_post_thumbnail":0,"footnotes":""},"categories":[118],"tags":[],"_links":{"self":[{"href":"https:\/\/copterweb.de\/wordpress\/wp-json\/wp\/v2\/posts\/11810"}],"collection":[{"href":"https:\/\/copterweb.de\/wordpress\/wp-json\/wp\/v2\/posts"}],"about":[{"href":"https:\/\/copterweb.de\/wordpress\/wp-json\/wp\/v2\/types\/post"}],"author":[{"embeddable":true,"href":"https:\/\/copterweb.de\/wordpress\/wp-json\/wp\/v2\/users\/7"}],"replies":[{"embeddable":true,"href":"https:\/\/copterweb.de\/wordpress\/wp-json\/wp\/v2\/comments?post=11810"}],"version-history":[{"count":7,"href":"https:\/\/copterweb.de\/wordpress\/wp-json\/wp\/v2\/posts\/11810\/revisions"}],"predecessor-version":[{"id":11866,"href":"https:\/\/copterweb.de\/wordpress\/wp-json\/wp\/v2\/posts\/11810\/revisions\/11866"}],"wp:featuredmedia":[{"embeddable":true,"href":"https:\/\/copterweb.de\/wordpress\/wp-json\/wp\/v2\/media\/11341"}],"wp:attachment":[{"href":"https:\/\/copterweb.de\/wordpress\/wp-json\/wp\/v2\/media?parent=11810"}],"wp:term":[{"taxonomy":"category","embeddable":true,"href":"https:\/\/copterweb.de\/wordpress\/wp-json\/wp\/v2\/categories?post=11810"},{"taxonomy":"post_tag","embeddable":true,"href":"https:\/\/copterweb.de\/wordpress\/wp-json\/wp\/v2\/tags?post=11810"}],"curies":[{"name":"wp","href":"https:\/\/api.w.org\/{rel}","templated":true}]}}