{"id":12155,"date":"2025-01-12T18:52:45","date_gmt":"2025-01-12T17:52:45","guid":{"rendered":"https:\/\/copterweb.de\/wordpress\/?p=12155"},"modified":"2025-01-12T18:53:07","modified_gmt":"2025-01-12T17:53:07","slug":"neuer-stuetzpunkt-der-oeamtc-flugrettung-in-frauenkirchen-eroeffnet","status":"publish","type":"post","link":"https:\/\/copterweb.de\/wordpress\/neuer-stuetzpunkt-der-oeamtc-flugrettung-in-frauenkirchen-eroeffnet\/","title":{"rendered":"Neuer St\u00fctzpunkt der \u00d6AMTC-Flugrettung in Frauenkirchen er\u00f6ff\u00adnet"},"content":{"rendered":"<p style=\"text-align: justify;\"><span style=\"font-family: arial, helvetica, sans-serif;\"><strong><a href=\"https:\/\/copterweb.de\/wordpress\/wp-content\/uploads\/01-\u00a9OeAMTC_CAPA-Fotoservice_Leitner.jpg\"><img loading=\"lazy\" decoding=\"async\" class=\"alignleft size-medium wp-image-12157\" src=\"https:\/\/copterweb.de\/wordpress\/wp-content\/uploads\/01-\u00a9OeAMTC_CAPA-Fotoservice_Leitner-300x200.jpg\" alt width=\"300\" height=\"200\" srcset=\"https:\/\/copterweb.de\/wordpress\/wp-content\/uploads\/01-\u00a9OeAMTC_CAPA-Fotoservice_Leitner-300x200.jpg 300w, https:\/\/copterweb.de\/wordpress\/wp-content\/uploads\/01-\u00a9OeAMTC_CAPA-Fotoservice_Leitner-1024x684.jpg 1024w, https:\/\/copterweb.de\/wordpress\/wp-content\/uploads\/01-\u00a9OeAMTC_CAPA-Fotoservice_Leitner-768x513.jpg 768w, https:\/\/copterweb.de\/wordpress\/wp-content\/uploads\/01-\u00a9OeAMTC_CAPA-Fotoservice_Leitner.jpg 1200w\" sizes=\"(max-width: 300px) 100vw, 300px\"><\/a>Wichtige Verst\u00e4rkung f\u00fcr die not\u00adfall\u00adme\u00addi\u00adzi\u00adni\u00adsche Versorgung im Burgenland<br>\n<\/strong>Die \u00d6AMTC-Flugrettung setzt einen wei\u00adte\u00adren Meilenstein in der Versorgung von Notfallpatient:innen: Am 9. Januar 2025 wur\u00adde in Frauenkirchen der neue Flugrettungsst\u00fctzpunkt Christophorus 18 im Beisein von Landeshauptmann Hans-Peter Doskozil fei\u00ader\u00adlich er\u00f6ff\u00adnet. Mit die\u00adsem Standort wird die fl\u00e4\u00adchen\u00adde\u00adcken\u00adde und rasche medi\u00adzi\u00adni\u00adsche Versorgung im n\u00f6rd\u00adli\u00adchen Burgenland und dar\u00ad\u00fcber hin\u00adaus wei\u00adter aus\u00adge\u00adbaut. \u201eDer Faktor Zeit ist in der Notfallmedizin von ent\u00adschei\u00adden\u00adder Bedeutung. Dem tra\u00adgen wir mit unse\u00adrem neu\u00aden St\u00fctzpunkt Rechnung, der das Netzwerk f\u00fcr die Hilfe aus der Luft erwei\u00adtert und es uns erm\u00f6g\u00adlicht, Patient:innen noch schnel\u00adler zu errei\u00adchen\u201d, erkl\u00e4rt Marco Trefanitz, Gesch\u00e4ftsf\u00fchrer der \u00d6AMTC-Flugrettung. \u201eDen Standort von Christophorus 18 haben wir so gew\u00e4hlt, dass er unse\u00adre bereits bestehen\u00adden St\u00fctzpunkte im Osten \u00d6sterreichs erg\u00e4nzt und damit zur best\u00adm\u00f6g\u00adli\u00adchen Abdeckung der Region bei\u00adtr\u00e4gt.\u201d Auch f\u00fcr Landeshauptmann Hans Peter Doskozil ist Christophorus 18&nbsp;in Kombination mit der geplan\u00adten Klinik in Gols ein ent\u00adschei\u00adden\u00adder Schritt f\u00fcr die Region: \u201eMit die\u00adsem neu\u00aden St\u00fctzpunkt heben wir die Gesundheitsversorgung im Nordburgenland auf ein v\u00f6l\u00adlig neu\u00ades Niveau.\u201d<\/span><!--more--><\/p>\n<p style=\"text-align: justify;\"><span style=\"font-family: arial, helvetica, sans-serif;\"><strong><a href=\"https:\/\/copterweb.de\/wordpress\/wp-content\/uploads\/02-\u00a9OeAMTC_CAPA-Fotoservice_Leitner.jpg\"><img loading=\"lazy\" decoding=\"async\" class=\"alignright size-medium wp-image-12158\" src=\"https:\/\/copterweb.de\/wordpress\/wp-content\/uploads\/02-\u00a9OeAMTC_CAPA-Fotoservice_Leitner-300x200.jpg\" alt width=\"300\" height=\"200\" srcset=\"https:\/\/copterweb.de\/wordpress\/wp-content\/uploads\/02-\u00a9OeAMTC_CAPA-Fotoservice_Leitner-300x200.jpg 300w, https:\/\/copterweb.de\/wordpress\/wp-content\/uploads\/02-\u00a9OeAMTC_CAPA-Fotoservice_Leitner-1024x684.jpg 1024w, https:\/\/copterweb.de\/wordpress\/wp-content\/uploads\/02-\u00a9OeAMTC_CAPA-Fotoservice_Leitner-768x513.jpg 768w, https:\/\/copterweb.de\/wordpress\/wp-content\/uploads\/02-\u00a9OeAMTC_CAPA-Fotoservice_Leitner.jpg 1200w\" sizes=\"(max-width: 300px) 100vw, 300px\"><\/a>Innovation: Erste Desinfektionsschleuse in \u00d6sterreich<br>\n<\/strong>Der neue St\u00fctzpunkt ver\u00adf\u00fcgt \u00fcber eine spe\u00adzi\u00adell kon\u00adzi\u00adpier\u00adte Infrastruktur, die den hohen Anforderungen eines Flugrettungsbetriebs ent\u00adspricht. \u201eDer hoch\u00admo\u00adder\u00adne Standort bie\u00adtet nicht nur aus\u00adrei\u00adchend Platz, son\u00addern schafft auch in punk\u00adto tech\u00adni\u00adscher Ausstattung ein idea\u00adles Umfeld f\u00fcr erfolg\u00adrei\u00adche Eins\u00e4tze\u201d, so Trefanitz. Neben einem beheiz\u00adten Hangar und einem Einsatzraum mit aus\u00adrei\u00adchend Arbeitspl\u00e4tzen gibt es auch Aufenthalts- und Ruher\u00e4ume f\u00fcr jedes Crewmitglied. Besonders her\u00advor\u00adzu\u00adhe\u00adben ist dies\u00adbe\u00adz\u00fcg\u00adlich auch ein eigens auf\u00adge\u00adsch\u00fct\u00adte\u00adter H\u00fcgel, auf dem die Crew bei\u00adspiels\u00adwei\u00adse spe\u00adzi\u00adel\u00adle Verfahren trai\u00adnie\u00adren kann.<\/span><\/p>\n<p style=\"text-align: justify;\"><span style=\"font-family: arial, helvetica, sans-serif;\">Dar\u00fcber hin\u00adaus ist Christophorus 18 der ers\u00adte Flugrettungsst\u00fctzpunkt in \u00d6sterreich, der mit einer eige\u00adnen Desinfektionsschleuse aus\u00adge\u00adstat\u00adtet ist. Dort bleibt die Ausr\u00fcstung nach einem Einsatz, was sicher\u00adstellt, dass eine etwai\u00adge Kontaminierung der R\u00e4umlichkeiten aus\u00adge\u00adschlos\u00adsen ist. In einem wei\u00adte\u00adren Schritt kann dort die Ausr\u00fcstung beson\u00adders effi\u00adzi\u00adent gerei\u00adnigt und des\u00adin\u00adfi\u00adziert wer\u00adden. \u201eGerade w\u00e4h\u00adrend der Corona-Pandemie ist deut\u00adlich gewor\u00adden, wie uner\u00adl\u00e4ss\u00adlich umfas\u00adsen\u00adde Ma\u00dfnahmen sind, um Patient:innen und Einsatzkr\u00e4fte best\u00adm\u00f6g\u00adlich zu sch\u00fct\u00adzen\u201d, betont Trefanitz. Die Desinfektionsschleuse setzt dies\u00adbe\u00adz\u00fcg\u00adlich einen neu\u00aden Standard und unter\u00adstreicht die Vorreiterrolle der \u00d6AMTC-Flugrettung.<\/span><\/p>\n<p style=\"text-align: justify;\"><span style=\"font-family: arial, helvetica, sans-serif;\"><strong>Nachhaltigkeit im Fokus: Umweltfreundlicher Bau<br>\n<\/strong>Der Bau des St\u00fctzpunkts wur\u00adde mit beson\u00adde\u00adrem Augenmerk auf Nachhaltigkeit rea\u00adli\u00adsiert. Christophorus 18 ver\u00adf\u00fcgt bei\u00adspiels\u00adwei\u00adse \u00fcber eine Photovoltaikanlage, die einen Gro\u00dfteil der Energieversorgung sicher\u00adstellt, sowie \u00fcber Wallboxen, mit denen Elektrofahrzeuge gela\u00adden wer\u00adden k\u00f6n\u00adnen. \u201eNachhaltigkeit war von Beginn an ein zen\u00adtra\u00adler Aspekt bei der Planung. Wir set\u00adzen auf umwelt\u00adfreund\u00adli\u00adche Materialien und moderns\u00adte Technik, um den Betrieb so res\u00adsour\u00adcen\u00adscho\u00adnend wie m\u00f6g\u00adlich zu gestal\u00adten. Aber auch in ande\u00adrer Hinsicht sind wir uns unse\u00adrer Verantwortung bewusst: F\u00fcr die Gr\u00fcnraumgestaltung wur\u00adden nur hei\u00admi\u00adsche Str\u00e4ucher und Hecken ver\u00adwen\u00addet\u201d, erkl\u00e4rt Trefanitz.<\/span><\/p>\n<p style=\"text-align: justify;\"><span style=\"font-family: arial, helvetica, sans-serif;\">F\u00fcr die z\u00fcgi\u00adge Umsetzung die\u00adses Projekts\u2009\u2014\u2009Spatenstich war erst im Juni 2024\u2009\u2014\u2009war vor allem die enge Zusammenarbeit mit loka\u00adlen Beh\u00f6rden und Partner:innen ent\u00adschei\u00addend. \u201eWir bedan\u00adken uns bei allen Beteiligten, die zum Gelingen die\u00adses Projekts bei\u00adgetra\u00adgen haben\u2009\u2014\u2009einem engen Zeitplan und viel\u00adf\u00e4l\u00adti\u00adgen Herausforderungen zum Trotz. Unser Dank gilt auch dem Land Burgenland f\u00fcr das ent\u00adge\u00adgen\u00adge\u00adbrach\u00adte Vertrauen sowie die Initiative zur Errichtung eines neu\u00aden St\u00fctzpunktes\u201d, bekr\u00e4f\u00adtigt Trefanitz. Der neue Standort ist mit Sicherheit ein wei\u00adte\u00adrer Schritt, um \u00d6sterreichs Vorreiterrolle in der Flugrettung zu fes\u00adti\u00adgen und den hohen Standard der not\u00adfall\u00adme\u00addi\u00adzi\u00adni\u00adschen Versorgung auch in Zukunft zu sichern.<\/span><\/p>\n<p style=\"text-align: justify;\"><span style=\"font-family: arial, helvetica, sans-serif;\"><strong><a href=\"https:\/\/copterweb.de\/wordpress\/wp-content\/uploads\/03-\u00a9OeAMTC_CAPA-Fotoservice_Leitner.jpg\"><img loading=\"lazy\" decoding=\"async\" class=\"alignleft size-medium wp-image-12159\" src=\"https:\/\/copterweb.de\/wordpress\/wp-content\/uploads\/03-\u00a9OeAMTC_CAPA-Fotoservice_Leitner-300x200.jpg\" alt width=\"300\" height=\"200\" srcset=\"https:\/\/copterweb.de\/wordpress\/wp-content\/uploads\/03-\u00a9OeAMTC_CAPA-Fotoservice_Leitner-300x200.jpg 300w, https:\/\/copterweb.de\/wordpress\/wp-content\/uploads\/03-\u00a9OeAMTC_CAPA-Fotoservice_Leitner-1024x684.jpg 1024w, https:\/\/copterweb.de\/wordpress\/wp-content\/uploads\/03-\u00a9OeAMTC_CAPA-Fotoservice_Leitner-768x513.jpg 768w, https:\/\/copterweb.de\/wordpress\/wp-content\/uploads\/03-\u00a9OeAMTC_CAPA-Fotoservice_Leitner.jpg 1200w\" sizes=\"(max-width: 300px) 100vw, 300px\"><\/a>Erfolgreicher Start<br>\n<\/strong>Die Christophorus 18-Crews ste\u00adhen mit dem Ziel in Bereitschaft, die best\u00adm\u00f6g\u00adli\u00adche Patienten:innenversorgung zu gew\u00e4hr\u00adleis\u00adten. Auch f\u00fcr drin\u00adgen\u00adde Transporte zwi\u00adschen Spit\u00e4lern ist der \u00d6AMTC-Notarzthubschrauber mit sei\u00adner moder\u00adnen medi\u00adzi\u00adni\u00adschen Ausstattung opti\u00admal geeig\u00adnet. Seit dem offi\u00adzi\u00adel\u00adlen Betriebsbeginn am 1. April 2024 flo\u00adgen sei\u00adne Crews bereits \u00fcber 1.000 Eins\u00e4tze von sei\u00adnem Interimsstandort in Wiener Neustadt. Die sie\u00adben Flugretter:innen, zehn Not\u00e4rtzt:innen sowie vier Pilot:innen haben sich somit bereits als fixer Bestandteil des bur\u00adgen\u00adl\u00e4n\u00addi\u00adschen Rettungssystems eta\u00adbliert.<\/span><\/p>\n<p style=\"text-align: justify;\"><span style=\"font-family: arial, helvetica, sans-serif;\"><strong>Quelle:<\/strong> Pressemitteilung der \u00d6AMTC-Flugrettung vom 9. Januar 2025<\/span><\/p>\n","protected":false},"excerpt":{"rendered":"<p>Wichtige Verst\u00e4rkung f\u00fcr die not\u00adfall\u00adme\u00addi\u00adzi\u00adni\u00adsche Versorgung im Burgenland Die \u00d6AMTC-Flugrettung setzt einen wei\u00adte\u00adren Meilenstein in der Versorgung von Notfallpatient:innen: Am 9. Januar 2025 wur\u00adde in Frauenkirchen der neue Flugrettungsst\u00fctzpunkt Christophorus 18 im Beisein von Landeshauptmann Hans-Peter Doskozil fei\u00ader\u00adlich er\u00f6ff\u00adnet. Mit \u2026 <a href=\"https:\/\/copterweb.de\/wordpress\/neuer-stuetzpunkt-der-oeamtc-flugrettung-in-frauenkirchen-eroeffnet\/\">Weiterlesen <span class=\"meta-nav\">\u2192<\/span><\/a><\/p>\n","protected":false},"author":7,"featured_media":12157,"comment_status":"closed","ping_status":"open","sticky":false,"template":"","format":"standard","meta":{"ngg_post_thumbnail":0,"footnotes":""},"categories":[16],"tags":[],"_links":{"self":[{"href":"https:\/\/copterweb.de\/wordpress\/wp-json\/wp\/v2\/posts\/12155"}],"collection":[{"href":"https:\/\/copterweb.de\/wordpress\/wp-json\/wp\/v2\/posts"}],"about":[{"href":"https:\/\/copterweb.de\/wordpress\/wp-json\/wp\/v2\/types\/post"}],"author":[{"embeddable":true,"href":"https:\/\/copterweb.de\/wordpress\/wp-json\/wp\/v2\/users\/7"}],"replies":[{"embeddable":true,"href":"https:\/\/copterweb.de\/wordpress\/wp-json\/wp\/v2\/comments?post=12155"}],"version-history":[{"count":2,"href":"https:\/\/copterweb.de\/wordpress\/wp-json\/wp\/v2\/posts\/12155\/revisions"}],"predecessor-version":[{"id":12161,"href":"https:\/\/copterweb.de\/wordpress\/wp-json\/wp\/v2\/posts\/12155\/revisions\/12161"}],"wp:featuredmedia":[{"embeddable":true,"href":"https:\/\/copterweb.de\/wordpress\/wp-json\/wp\/v2\/media\/12157"}],"wp:attachment":[{"href":"https:\/\/copterweb.de\/wordpress\/wp-json\/wp\/v2\/media?parent=12155"}],"wp:term":[{"taxonomy":"category","embeddable":true,"href":"https:\/\/copterweb.de\/wordpress\/wp-json\/wp\/v2\/categories?post=12155"},{"taxonomy":"post_tag","embeddable":true,"href":"https:\/\/copterweb.de\/wordpress\/wp-json\/wp\/v2\/tags?post=12155"}],"curies":[{"name":"wp","href":"https:\/\/api.w.org\/{rel}","templated":true}]}}