{"id":12302,"date":"2025-04-04T17:59:24","date_gmt":"2025-04-04T15:59:24","guid":{"rendered":"https:\/\/copterweb.de\/wordpress\/?p=12302"},"modified":"2025-04-04T17:59:24","modified_gmt":"2025-04-04T15:59:24","slug":"adac-luftrettung-trainiert-windeneinsaetze-in-den-alpen","status":"publish","type":"post","link":"https:\/\/copterweb.de\/wordpress\/adac-luftrettung-trainiert-windeneinsaetze-in-den-alpen\/","title":{"rendered":"<span class=\"caps\">ADAC<\/span> Luftrettung trai\u00adniert Windeneins\u00e4tze in den Alpen"},"content":{"rendered":"<p style=\"text-align: justify;\"><span style=\"font-family: arial, helvetica, sans-serif;\"><a href=\"https:\/\/copterweb.de\/wordpress\/wp-content\/uploads\/adac-stiftung_luftrettung_winde_hochgebirge_philipp_bockhammer_helimedia18x13-1.jpg\"><img loading=\"lazy\" decoding=\"async\" class=\"alignleft size-medium wp-image-12303\" src=\"https:\/\/copterweb.de\/wordpress\/wp-content\/uploads\/adac-stiftung_luftrettung_winde_hochgebirge_philipp_bockhammer_helimedia18x13-1-300x200.jpg\" alt width=\"300\" height=\"200\" srcset=\"https:\/\/copterweb.de\/wordpress\/wp-content\/uploads\/adac-stiftung_luftrettung_winde_hochgebirge_philipp_bockhammer_helimedia18x13-1-300x200.jpg 300w, https:\/\/copterweb.de\/wordpress\/wp-content\/uploads\/adac-stiftung_luftrettung_winde_hochgebirge_philipp_bockhammer_helimedia18x13-1-1024x684.jpg 1024w, https:\/\/copterweb.de\/wordpress\/wp-content\/uploads\/adac-stiftung_luftrettung_winde_hochgebirge_philipp_bockhammer_helimedia18x13-1-768x513.jpg 768w, https:\/\/copterweb.de\/wordpress\/wp-content\/uploads\/adac-stiftung_luftrettung_winde_hochgebirge_philipp_bockhammer_helimedia18x13-1.jpg 1200w\" sizes=\"(max-width: 300px) 100vw, 300px\"><\/a>Ab Montag, 7. April, trai\u00adniert die gemein\u00adn\u00fct\u00adzi\u00adge <span class=\"caps\">ADAC<\/span> Luftrettung anspruchs\u00advol\u00adle Flug- und Bergungsman\u00f6ver mit der Rettungswinde im Raum Ohlstadt-Eschenlohe sowie im obe\u00adren H\u00f6llental. Die Crews der von der <span class=\"caps\">ADAC<\/span> Luftrettung betrie\u00adbe\u00adnen Stationen \u201eChristoph 1\u201c an der M\u00fcnchen Klinik Harlaching und \u201eChristoph Murnau\u201c am <span class=\"caps\">BG<\/span> Klinikum Murnau trai\u00adnie\u00adren zusam\u00admen mit der Bergwacht Bayern kom\u00adple\u00adxe Eins\u00e4tze unter den beson\u00adde\u00adren Gegebenheiten im alpi\u00adnen Umfeld. In der Woche von 5. bis 9. Mai fliegt zudem ein <span class=\"caps\">ADAC<\/span> Rettungshubschrauber regel\u00adm\u00e4\u00ad\u00dfig \u00fcber dem Karwendel- und Wettersteingebirge sowie den Ammergauer Alpen, um Rettungsfl\u00fcge im Hochgebirge zu simu\u00adlie\u00adren.<\/span><!--more--><\/p>\n<p style=\"text-align: justify;\"><span style=\"font-family: arial, helvetica, sans-serif;\">Der <span class=\"caps\">ADAC<\/span> Rettungshubschrauber soll in den Trainingswochen t\u00e4g\u00adlich von 9&nbsp;bis 12 und von 14 bis etwa 17 Uhr unter\u00adwegs sein. Beide Stationen blei\u00adben w\u00e4h\u00adrend der Trainings voll ein\u00adsatz\u00adbe\u00adreit. Bei den eng mit (Naturschutz-)Beh\u00f6rden und Flurbesitzern abge\u00adstimm\u00adten Trainings legt die <span class=\"caps\">ADAC<\/span> Luftrettung gr\u00f6\u00df\u00adten Wert dar\u00adauf, Tier- und Pflanzenwelt, Anwohnende sowie Ausfl\u00fcglerinnen und Ausfl\u00fcgler so wenig wie m\u00f6g\u00adlich zu beein\u00adtr\u00e4ch\u00adti\u00adgen.<\/span><\/p>\n<p style=\"text-align: justify;\"><span style=\"font-family: arial, helvetica, sans-serif;\"><strong>Erstversorgung und Bergung mit Rettungswinde im Raum Ohlstadt-Eschenlohe<\/strong><\/span><br>\n<span style=\"font-family: arial, helvetica, sans-serif;\">Vom Montag, 7. April, an spie\u00adlen die M\u00fcnchner und Murnauer Crews kom\u00adple\u00adxe Windeneins\u00e4tze am Flugplatz Ohlstadt und dem s\u00fcd\u00adwest\u00adlich davon gele\u00adge\u00adnen Rauheck durch.<\/span><\/p>\n<p style=\"text-align: justify;\"><span style=\"font-family: arial, helvetica, sans-serif;\">Am Montag, Dienstag und Freitag absol\u00adviert der <span class=\"caps\">ADAC<\/span> Rettungshubschrauber im Rahmen einer Zusatzausbildung f\u00fcr Notfallsanit\u00e4ter Rettungs- und Bergeszenarien, bei denen etwa der Pilot genau ein\u00adge\u00adwie\u00adsen und die Rettungswinde bedient wer\u00adden muss. Bei gutem Wetter soll er zudem mehr\u00admals von Grainau in das H\u00f6llental Richtung Jubil\u00e4umsgrat auf\u00adstei\u00adgen, um flie\u00adge\u00adri\u00adsche Besonderheiten im Hochgebirge zu trai\u00adnie\u00adren.<\/span><\/p>\n<p style=\"text-align: justify;\"><span style=\"font-family: arial, helvetica, sans-serif;\">Am Mittwoch und Donnerstag ste\u00adhen gemein\u00adsa\u00adme Trainings mit der Bergwacht Bayern auf dem Programm. Abseits von Wanderwegen wer\u00adden am Rauheck par\u00adal\u00adlel in zwei Teams medi\u00adzi\u00adni\u00adsche und kom\u00adple\u00adxe Bergrettungsverfahren trai\u00adniert. Je ein Team bestehend aus Notfallsanit\u00e4terin oder -sani\u00adt\u00e4\u00adter, Not\u00e4rztin oder -arzt und zwei Kr\u00e4ften der Bergwacht Bayern m\u00fcs\u00adsen an zwei Stationen eine medi\u00adzi\u00adni\u00adsche Fallsimulation oder ein kom\u00adple\u00adxes Bergrettungsman\u00f6ver absol\u00advie\u00adren. Beim medi\u00adzi\u00adni\u00adschen Training ste\u00adhen eine schnel\u00adle Entscheidung \u00fcber den Umfang der Erstversorgung sowie die Voraussetzungen f\u00fcr eine siche\u00adre Bergung im Fokus. Beim kom\u00adple\u00adxen Rettungsman\u00f6ver sind alpi\u00adne Seil- und Sicherungstechniken, pr\u00e4\u00adzi\u00adse Kommunikation sowie das Auf- und Abseilen mit der Rettungswinde (Fachbegriff: Auf- und Abwinchen) von Crew und Patienten (hier medi\u00adzi\u00adni\u00adsche \u00dcbungspuppen) beson\u00adders wich\u00adtig.<\/span><\/p>\n<p style=\"text-align: justify;\"><span style=\"font-family: arial, helvetica, sans-serif;\">In der zwei\u00adten Maiwoche hebt dann erneut ein <span class=\"caps\">ADAC<\/span> Rettungshubschrauber mehr\u00adfach zu Trainingszwecken in der Region ab. Bei Fl\u00fcgen \u00fcber Karwendel- und Wettersteingebirge sowie die Ammergauer Alpen sol\u00adlen die Besatzungsmitglieder die Besonderheiten des hoch\u00adal\u00adpi\u00adnen Umfelds inten\u00adsiv erle\u00adben und dabei wich\u00adti\u00adge Expertise f\u00fcr die Rettung von Menschen aus Lebensgefahr im Gebirge bekom\u00admen.<\/span><\/p>\n<p style=\"text-align: justify;\"><span style=\"font-family: arial, helvetica, sans-serif;\"><strong>Verbesserung von Winden-Einsatzkompetenz und wach\u00adsen\u00adde Nachfrage<\/strong><\/span><br>\n<span style=\"font-family: arial, helvetica, sans-serif;\">H\u00f6chste medi\u00adzi\u00adni\u00adsche Versorgungsqualit\u00e4t und die Sicherheit aller an Bord bei Windeneins\u00e4tzen sind f\u00fcr die <span class=\"caps\">ADAC<\/span> Luftrettung gGmbH von h\u00f6chs\u00adter Bedeutung. Die f\u00fch\u00adren\u00adde deut\u00adsche Luftrettungsorganisation f\u00fchrt des\u00adhalb mehr\u00admals im Jahr Windentrainings durch, bei denen das Zusammenspiel von Crews und wich\u00adti\u00adgen Partnerorganisationen wie der Bergwacht Bayern opti\u00admiert wird. Zus\u00e4tzlich erlan\u00adgen Pilotinnen und Piloten wich\u00adti\u00adge flie\u00adge\u00adri\u00adsche Erfahrung, die im Notfall von ent\u00adschei\u00adden\u00adder Bedeutung sein kann. Die <span class=\"caps\">ADAC<\/span> Luftrettung unter\u00adh\u00e4lt neben M\u00fcnchen und Murnau Windenstationen in Straubing, Sande (Niedersachsen), Imsweiler (Rheinland-Pfalz) und Hamburg. Im Jahr 2024 \u00fcber\u00adnah\u00admen die\u00adse zusam\u00admen 552 Windeneins\u00e4tze, \u201eChristoph 1\u201c ist davon rund 80 geflo\u00adgen, \u201eChristoph Murnau\u201c brach\u00adte rund 200-mal Hilfe mit der Rettungswinde.<\/span><\/p>\n<p><span style=\"font-family: arial, helvetica, sans-serif;\"><strong>Quelle:<\/strong> Pressemitteilung der <span class=\"caps\">ADAC<\/span> Luftrettung gGmbH vom 4. April 2025<\/span><\/p>\n","protected":false},"excerpt":{"rendered":"<p>Ab Montag, 7. April, trai\u00adniert die gemein\u00adn\u00fct\u00adzi\u00adge <span class=\"caps\">ADAC<\/span> Luftrettung anspruchs\u00advol\u00adle Flug- und Bergungsman\u00f6ver mit der Rettungswinde im Raum Ohlstadt-Eschenlohe sowie im obe\u00adren H\u00f6llental. Die Crews der von der <span class=\"caps\">ADAC<\/span> Luftrettung betrie\u00adbe\u00adnen Stationen \u201eChristoph 1\u201c an der M\u00fcnchen Klinik Harlaching und \u2026 <a href=\"https:\/\/copterweb.de\/wordpress\/adac-luftrettung-trainiert-windeneinsaetze-in-den-alpen\/\">Weiterlesen <span class=\"meta-nav\">\u2192<\/span><\/a><\/p>\n","protected":false},"author":7,"featured_media":12303,"comment_status":"closed","ping_status":"open","sticky":false,"template":"","format":"standard","meta":{"ngg_post_thumbnail":0,"footnotes":""},"categories":[16],"tags":[],"_links":{"self":[{"href":"https:\/\/copterweb.de\/wordpress\/wp-json\/wp\/v2\/posts\/12302"}],"collection":[{"href":"https:\/\/copterweb.de\/wordpress\/wp-json\/wp\/v2\/posts"}],"about":[{"href":"https:\/\/copterweb.de\/wordpress\/wp-json\/wp\/v2\/types\/post"}],"author":[{"embeddable":true,"href":"https:\/\/copterweb.de\/wordpress\/wp-json\/wp\/v2\/users\/7"}],"replies":[{"embeddable":true,"href":"https:\/\/copterweb.de\/wordpress\/wp-json\/wp\/v2\/comments?post=12302"}],"version-history":[{"count":1,"href":"https:\/\/copterweb.de\/wordpress\/wp-json\/wp\/v2\/posts\/12302\/revisions"}],"predecessor-version":[{"id":12304,"href":"https:\/\/copterweb.de\/wordpress\/wp-json\/wp\/v2\/posts\/12302\/revisions\/12304"}],"wp:featuredmedia":[{"embeddable":true,"href":"https:\/\/copterweb.de\/wordpress\/wp-json\/wp\/v2\/media\/12303"}],"wp:attachment":[{"href":"https:\/\/copterweb.de\/wordpress\/wp-json\/wp\/v2\/media?parent=12302"}],"wp:term":[{"taxonomy":"category","embeddable":true,"href":"https:\/\/copterweb.de\/wordpress\/wp-json\/wp\/v2\/categories?post=12302"},{"taxonomy":"post_tag","embeddable":true,"href":"https:\/\/copterweb.de\/wordpress\/wp-json\/wp\/v2\/tags?post=12302"}],"curies":[{"name":"wp","href":"https:\/\/api.w.org\/{rel}","templated":true}]}}