{"id":12312,"date":"2025-04-24T22:46:08","date_gmt":"2025-04-24T20:46:08","guid":{"rendered":"https:\/\/copterweb.de\/wordpress\/?p=12312"},"modified":"2025-04-24T22:47:42","modified_gmt":"2025-04-24T20:47:42","slug":"christoph-hansa-fliegt-windenrettung-des-jahres","status":"publish","type":"post","link":"https:\/\/copterweb.de\/wordpress\/christoph-hansa-fliegt-windenrettung-des-jahres\/","title":{"rendered":"<span class=\"dquo\">\u201e<\/span>Christoph Hansa\u201c fliegt Windenrettung des Jahres"},"content":{"rendered":"<p style=\"text-align: justify;\"><span style=\"font-family: arial, helvetica, sans-serif;\"><a href=\"https:\/\/copterweb.de\/wordpress\/wp-content\/uploads\/CHX50_01-ADAC-Luftrettung.jpg\"><img loading=\"lazy\" decoding=\"async\" class=\"alignleft size-medium wp-image-12313\" src=\"https:\/\/copterweb.de\/wordpress\/wp-content\/uploads\/CHX50_01-ADAC-Luftrettung-300x204.jpg\" alt width=\"300\" height=\"204\" srcset=\"https:\/\/copterweb.de\/wordpress\/wp-content\/uploads\/CHX50_01-ADAC-Luftrettung-300x204.jpg 300w, https:\/\/copterweb.de\/wordpress\/wp-content\/uploads\/CHX50_01-ADAC-Luftrettung-1024x696.jpg 1024w, https:\/\/copterweb.de\/wordpress\/wp-content\/uploads\/CHX50_01-ADAC-Luftrettung-768x522.jpg 768w, https:\/\/copterweb.de\/wordpress\/wp-content\/uploads\/CHX50_01-ADAC-Luftrettung.jpg 1200w\" sizes=\"(max-width: 300px) 100vw, 300px\"><\/a>Gro\u00dfe Anerkennung auf inter\u00adna\u00adtio\u00adna\u00adler B\u00fchne f\u00fcr die Windenkompetenz der gemein\u00adn\u00fct\u00adzi\u00adgen <span class=\"caps\">ADAC<\/span> Luftrettung: Die Crew des <span class=\"caps\">ADAC<\/span> Rettungshubschraubers \u201eChristoph Hansa\u201c ist k\u00fcrz\u00adlich am Rande der welt\u00adgr\u00f6\u00df\u00adten Hubschraubermesse Verticon in Dallas (<span class=\"caps\">USA<\/span>) mit dem \u201eRescue of the year Award\u201c aus\u00adge\u00adzeich\u00adnet wor\u00adden. Die flie\u00adgen\u00adden Gelben Engel des am <span class=\"caps\">BG<\/span> Klinikum in Hamburg sta\u00adtio\u00adnier\u00adten Helikopters erhiel\u00adten die beson\u00adde\u00adre Auszeichnung f\u00fcr einen spek\u00adta\u00adku\u00adl\u00e4\u00adren Windeneinsatz am Flugplatz Uetersen im September 2024. Dort hat\u00adte \u201eChristoph Hansa\u201c mit einem hoch\u00adan\u00adspruchs\u00advol\u00adlen Windenman\u00f6ver \u2013 und unter Einsatz von maxi\u00admal 90 Metern Seill\u00e4nge \u2013 den Piloten eines not\u00adge\u00adlan\u00adde\u00adten Ultraleichtflugzeugs aus Baumkronen geret\u00adtet. Unverletzt. Der Einsatz hat\u00adte sei\u00adner\u00adzeit f\u00fcr ein gro\u00ad\u00dfes bun\u00addes\u00adwei\u00adtes Medienecho gesorgt.<\/span><!--more--><\/p>\n<p style=\"text-align: justify;\"><span style=\"font-family: arial, helvetica, sans-serif;\"><a href=\"https:\/\/copterweb.de\/wordpress\/wp-content\/uploads\/CHX50_03-Rolf-Klukowski.jpg\"><img loading=\"lazy\" decoding=\"async\" class=\"alignright size-medium wp-image-12314\" src=\"https:\/\/copterweb.de\/wordpress\/wp-content\/uploads\/CHX50_03-Rolf-Klukowski-300x200.jpg\" alt width=\"300\" height=\"200\" srcset=\"https:\/\/copterweb.de\/wordpress\/wp-content\/uploads\/CHX50_03-Rolf-Klukowski-300x200.jpg 300w, https:\/\/copterweb.de\/wordpress\/wp-content\/uploads\/CHX50_03-Rolf-Klukowski-1024x684.jpg 1024w, https:\/\/copterweb.de\/wordpress\/wp-content\/uploads\/CHX50_03-Rolf-Klukowski-768x513.jpg 768w, https:\/\/copterweb.de\/wordpress\/wp-content\/uploads\/CHX50_03-Rolf-Klukowski.jpg 1200w\" sizes=\"(max-width: 300px) 100vw, 300px\"><\/a>Der Award des welt\u00adweit gr\u00f6\u00df\u00adten Windenherstellers Onboard Systems Hoist <span class=\"amp\">&amp;<\/span>&nbsp;Winch \u201ew\u00fcr\u00addigt ein\u00addrucks\u00advoll die hohe Kompetenz der Hamburger Crew bei Spezialeins\u00e4tzen mit der Rettungswinde \u2013 und die gro\u00ad\u00dfe Bedeutung ihrer t\u00e4g\u00adli\u00adchen Arbeit im \u00f6ffent\u00adli\u00adchen-recht\u00adli\u00adchen Rettungsdienst\u201c, lob\u00adte Fr\u00e9d\u00e9ric Bruder, der Gesch\u00e4ftsf\u00fchrer der <span class=\"caps\">ADAC<\/span> Luftrettung jetzt bei einer Mitarbeiterveranstaltung in M\u00fcnchen. Dort wur\u00adde die Hamburger Besatzung nun auch fir\u00admen\u00adin\u00adtern f\u00fcr ihr ent\u00adschlos\u00adse\u00adnes, pro\u00adfes\u00adsio\u00adnel\u00adles Handeln geehrt. Den Dank nahm Stationsleiter Michael Gomme stell\u00adver\u00adtre\u00adtend f\u00fcr die Crew ent\u00adge\u00adgen.<\/span><\/p>\n<p style=\"text-align: justify;\"><span style=\"font-family: arial, helvetica, sans-serif;\">Keiner der 49 Windeneins\u00e4tze von \u201eChristoph Hansa\u201c war im ver\u00adgan\u00adge\u00adnen Jahr so schwie\u00adrig wie der in Uetersen. Dort zeig\u00adte sich ein\u00addrucks\u00advoll die Vielseitigkeit und der Wert der Rettungswinde in der Luftrettung. Der Einsatz: Ein Ultraleichtflugzeug muss\u00adte nach einem Motorausfall in 20 bis 25 Meter hohen Baumkronen not\u00adlan\u00adden. Der Pilot blieb ansprech\u00adbar, doch es bestand Verdacht auf inne\u00adre Verletzungen.<\/span><\/p>\n<p style=\"text-align: justify;\"><span style=\"font-family: arial, helvetica, sans-serif;\">Die Herausforderung: Kein Zugang f\u00fcr Drehleiterfahrzeuge \u2013 ein Erklimmen der B\u00e4ume unter\u00adhalb des Flugzeugs war zu gef\u00e4hr\u00adlich und es gab in der Umgebung kei\u00adne h\u00f6he\u00adren B\u00e4ume, von denen sich die H\u00f6henretter h\u00e4t\u00adten absei\u00adlen k\u00f6n\u00adnen. Also war der Rettungshubschrauber mit Winde die ein\u00adzi\u00adge Option \u2013 und von der Leitstelle wur\u00adde zus\u00e4tz\u00adlich die dienst\u00adha\u00adben\u00adde Hamburger Crew mit Pilot Michael Gomme, Notfallsanit\u00e4ter und Windenoperator J\u00f6rn \u00d6llrich und Notarzt Sven Meyberg ange\u00adfor\u00addert. Sie pr\u00fcf\u00adten die opti\u00adma\u00adle Anflugh\u00f6he und -rich\u00adtung, um den Abwind, im Fachjargon \u201eDownwash\u201c auf das im Baum ver\u00adkeil\u00adte Leichtflugzeug und des\u00adsen Piloten m\u00f6g\u00adlichst gering zu hal\u00adten.<\/span><\/p>\n<p style=\"text-align: justify;\"><span style=\"font-family: arial, helvetica, sans-serif;\">Nach einer sorg\u00adf\u00e4l\u00adti\u00adgen, struk\u00adtu\u00adrier\u00adten Risikobewertung, die im Vorfeld eines jeden Windeneinsatzes erfolgt, ent\u00adschied sich die Crew den ver\u00adun\u00adfall\u00adten Piloten mit\u00adtels Winde aus sei\u00adner Notlage zu befrei\u00aden. Die Crew nutz\u00adte das gesam\u00adte 90-Meter-Seil, um den Notarzt pr\u00e4\u00adzi\u00adse zum Patienten zu brin\u00adgen. Mit viel Fingerspitzengef\u00fchl sicher\u00adte der Notarzt den Ultraleichtflugzeugpiloten im Rettungssitz \u2013 eine extre\u00adme Herausforderung auf engs\u00adtem Raum.<\/span><\/p>\n<p style=\"text-align: justify;\"><span style=\"font-family: arial, helvetica, sans-serif;\">Das Ergebnis: Der Patient wur\u00adde sicher aus den Baumkronen befreit und ver\u00adsorgt \u2013 gl\u00fcck\u00adli\u00adcher\u00adwei\u00adse erlitt er kei\u00adne Verletzungen.<\/span><\/p>\n<p style=\"text-align: justify;\"><span style=\"font-family: arial, helvetica, sans-serif;\"><a href=\"https:\/\/copterweb.de\/wordpress\/wp-content\/uploads\/CHX50_02-Rolf-Kluowski-.jpg\"><img loading=\"lazy\" decoding=\"async\" class=\"alignleft size-medium wp-image-12315\" src=\"https:\/\/copterweb.de\/wordpress\/wp-content\/uploads\/CHX50_02-Rolf-Kluowski--300x201.jpg\" alt width=\"300\" height=\"201\" srcset=\"https:\/\/copterweb.de\/wordpress\/wp-content\/uploads\/CHX50_02-Rolf-Kluowski--300x201.jpg 300w, https:\/\/copterweb.de\/wordpress\/wp-content\/uploads\/CHX50_02-Rolf-Kluowski--1024x684.jpg 1024w, https:\/\/copterweb.de\/wordpress\/wp-content\/uploads\/CHX50_02-Rolf-Kluowski--768x513.jpg 768w, https:\/\/copterweb.de\/wordpress\/wp-content\/uploads\/CHX50_02-Rolf-Kluowski-.jpg 1200w\" sizes=\"(max-width: 300px) 100vw, 300px\"><\/a>Bei Windeneins\u00e4tzen besteht die Crew von \u201eChristoph Hansa\u201c aus Pilot, Not\u00e4rztin oder -arzt und Notfallsanit\u00e4terin oder -sani\u00adt\u00e4\u00adter (<span class=\"caps\">TC<\/span> <span class=\"caps\">HEMS<\/span>) in Funktion als Windenoperator (<span class=\"caps\">TC<\/span> <span class=\"caps\">HHO<\/span>). 15 Not\u00e4rztinnen und -\u00e4rz\u00adte, drei <span class=\"caps\">TC<\/span> <span class=\"caps\">HHO<\/span>, eine <span class=\"caps\">TC<\/span> <span class=\"caps\">HEMS<\/span> und drei Piloten haben in Hamburg das Training f\u00fcr sol\u00adche Eins\u00e4tze absol\u00adviert.<\/span><\/p>\n<p style=\"text-align: justify;\"><span style=\"font-family: arial, helvetica, sans-serif;\">Mit einer Rettungswinde fliegt \u201eChristoph Hansa\u201c im Rahmen eines Forschungsprojekts seit 2022. Neben Hamburg befin\u00adden sich <span class=\"caps\">ADAC<\/span> Luftrettungsstationen mit Winde in M\u00fcnchen, Murnau und Straubing (Bayern), Sande (Niedersachsen) und der Westpfalz (Rheinland-Pfalz). Sie absol\u00advier\u00adten im ver\u00adgan\u00adge\u00adnen Jahr zusam\u00admen 552 Windeneins\u00e4tze. Um wich\u00adti\u00adge Routine sowie h\u00f6chs\u00adte Sicherheit f\u00fcr Patientinnen, Patienten und Crews zu gew\u00e4hr\u00adleis\u00adten, f\u00fchrt die Luftrettungsorganisation an die\u00adsen Standorten zwei\u00admal im Jahr Windentrainings durch.<\/span><\/p>\n<p style=\"text-align: justify;\"><span style=\"font-family: arial, helvetica, sans-serif;\"><strong>Quelle:<\/strong> Pressemitteilung der <span class=\"caps\">ADAC<\/span> Luftrettung gGmbH vom 24. April 2025<\/span><\/p>\n<p style=\"text-align: justify;\"><\/p>\n<p style=\"text-align: justify;\"><\/p>\n","protected":false},"excerpt":{"rendered":"<p>Gro\u00dfe Anerkennung auf inter\u00adna\u00adtio\u00adna\u00adler B\u00fchne f\u00fcr die Windenkompetenz der gemein\u00adn\u00fct\u00adzi\u00adgen <span class=\"caps\">ADAC<\/span> Luftrettung: Die Crew des <span class=\"caps\">ADAC<\/span> Rettungshubschraubers \u201eChristoph Hansa\u201c ist k\u00fcrz\u00adlich am Rande der welt\u00adgr\u00f6\u00df\u00adten Hubschraubermesse Verticon in Dallas (<span class=\"caps\">USA<\/span>) mit dem \u201eRescue of the year Award\u201c aus\u00adge\u00adzeich\u00adnet wor\u00adden. Die \u2026 <a href=\"https:\/\/copterweb.de\/wordpress\/christoph-hansa-fliegt-windenrettung-des-jahres\/\">Weiterlesen <span class=\"meta-nav\">\u2192<\/span><\/a><\/p>\n","protected":false},"author":7,"featured_media":12313,"comment_status":"closed","ping_status":"open","sticky":false,"template":"","format":"standard","meta":{"ngg_post_thumbnail":0,"footnotes":""},"categories":[16],"tags":[],"_links":{"self":[{"href":"https:\/\/copterweb.de\/wordpress\/wp-json\/wp\/v2\/posts\/12312"}],"collection":[{"href":"https:\/\/copterweb.de\/wordpress\/wp-json\/wp\/v2\/posts"}],"about":[{"href":"https:\/\/copterweb.de\/wordpress\/wp-json\/wp\/v2\/types\/post"}],"author":[{"embeddable":true,"href":"https:\/\/copterweb.de\/wordpress\/wp-json\/wp\/v2\/users\/7"}],"replies":[{"embeddable":true,"href":"https:\/\/copterweb.de\/wordpress\/wp-json\/wp\/v2\/comments?post=12312"}],"version-history":[{"count":2,"href":"https:\/\/copterweb.de\/wordpress\/wp-json\/wp\/v2\/posts\/12312\/revisions"}],"predecessor-version":[{"id":12317,"href":"https:\/\/copterweb.de\/wordpress\/wp-json\/wp\/v2\/posts\/12312\/revisions\/12317"}],"wp:featuredmedia":[{"embeddable":true,"href":"https:\/\/copterweb.de\/wordpress\/wp-json\/wp\/v2\/media\/12313"}],"wp:attachment":[{"href":"https:\/\/copterweb.de\/wordpress\/wp-json\/wp\/v2\/media?parent=12312"}],"wp:term":[{"taxonomy":"category","embeddable":true,"href":"https:\/\/copterweb.de\/wordpress\/wp-json\/wp\/v2\/categories?post=12312"},{"taxonomy":"post_tag","embeddable":true,"href":"https:\/\/copterweb.de\/wordpress\/wp-json\/wp\/v2\/tags?post=12312"}],"curies":[{"name":"wp","href":"https:\/\/api.w.org\/{rel}","templated":true}]}}