{"id":13143,"date":"2026-09-02T16:24:41","date_gmt":"2026-09-02T14:24:41","guid":{"rendered":"https:\/\/copterweb.de\/wordpress\/?p=13143"},"modified":"2026-09-02T16:49:37","modified_gmt":"2026-09-02T14:49:37","slug":"indienststellung-des-neuen-polizeihubschraubers-der-landespolizei-mecklenburg-vorpommern","status":"publish","type":"post","link":"https:\/\/copterweb.de\/wordpress\/indienststellung-des-neuen-polizeihubschraubers-der-landespolizei-mecklenburg-vorpommern\/","title":{"rendered":"Indienststellung des neu\u00aden Polizeihubschraubers der Landespolizei Mecklenburg-Vorpommern"},"content":{"rendered":"<p style=\"text-align: justify;\"><span style=\"font-family: arial, helvetica, sans-serif;\"><a href=\"https:\/\/copterweb.de\/wordpress\/wp-content\/uploads\/PHuST.MV_01.jpg\"><img loading=\"lazy\" decoding=\"async\" class=\"alignleft size-medium wp-image-13144\" src=\"https:\/\/copterweb.de\/wordpress\/wp-content\/uploads\/PHuST.MV_01-300x200.jpg\" alt width=\"300\" height=\"200\" srcset=\"https:\/\/copterweb.de\/wordpress\/wp-content\/uploads\/PHuST.MV_01-300x200.jpg 300w, https:\/\/copterweb.de\/wordpress\/wp-content\/uploads\/PHuST.MV_01-1024x684.jpg 1024w, https:\/\/copterweb.de\/wordpress\/wp-content\/uploads\/PHuST.MV_01-768x513.jpg 768w, https:\/\/copterweb.de\/wordpress\/wp-content\/uploads\/PHuST.MV_01.jpg 1200w\" sizes=\"(max-width: 300px) 100vw, 300px\"><\/a>Ministerpr\u00e4sidentin Manuela Schwesig und Innenminister Christian Pegel haben am 31. August 2026 den ers\u00adten von zwei neu\u00aden Polizeihubschraubern an die Landespolizei Mecklenburg-Vorpommern \u00fcber\u00adge\u00adben. Die bei\u00adden bis\u00adhe\u00adri\u00adgen Maschinen vom Typ Eurocopter <span class=\"caps\">EC135<\/span> der Polizeihubschrauberstaffel in Laage sind nun bereits seit 25 bzw. 27 Jahren im Dienst und wer\u00adden daher zuneh\u00admend war\u00adtungs- bzw. repa\u00adra\u00adtur\u00adin\u00adten\u00adsi\u00adver. Der neue Airbus <span class=\"caps\">H145<\/span> <span class=\"caps\">D3<\/span> und die noch fol\u00adgen\u00adde Maschine erset\u00adzen daher die bis\u00adhe\u00adri\u00adgen Hubschrauber bis Ende des Jahres. Die hoch\u00admo\u00adder\u00adnen Maschinen sind schnel\u00adler, leis\u00adtungs\u00adf\u00e4\u00adhi\u00adger und viel\u00adsei\u00adti\u00adger als ihre Vorg\u00e4nger. Sie sol\u00adlen nicht nur bei Fahndungen, Vermisstensuchen und der Verkehrs\u00fcberwachung, son\u00addern auch bei Waldbr\u00e4nden und ande\u00adren Katastrophen hel\u00adfen.<\/span><!--more--><\/p>\n<p style=\"text-align: justify;\"><span style=\"font-family: arial, helvetica, sans-serif;\">Ein wesent\u00adli\u00adcher Fortschritt des <span class=\"caps\">H145<\/span> ist sei\u00adne deut\u00adlich h\u00f6he\u00adre Nutzlast, zum Beispiel f\u00fcr den Transport von Einsatzkr\u00e4ften und Ausr\u00fcstung. Das schafft im Einsatz sp\u00fcr\u00adbar mehr Flexibilit\u00e4t. So kann bei\u00adspiels\u00adwei\u00adse nach einer Suchaktion unmit\u00adtel\u00adbar ein Rettungseinsatz \u00fcber\u00adnom\u00admen wer\u00adden, ohne dass zun\u00e4chst Personal oder Ausr\u00fcstung aus\u00adge\u00adtauscht wer\u00adden m\u00fcs\u00adsen. Die gr\u00f6\u00ad\u00dfe\u00adre Zuladungsreserve erm\u00f6g\u00adlicht es somit, auch bei wech\u00adseln\u00adden Einsatzanforderungen schnel\u00adler zu reagie\u00adren.<\/span><\/p>\n<p style=\"text-align: justify;\"><span style=\"font-family: arial, helvetica, sans-serif;\"><a href=\"https:\/\/copterweb.de\/wordpress\/wp-content\/uploads\/IMG_1220-scaled.jpg\"><img loading=\"lazy\" decoding=\"async\" class=\"size-medium wp-image-13156 alignright\" src=\"https:\/\/copterweb.de\/wordpress\/wp-content\/uploads\/IMG_1220-300x225.jpg\" alt width=\"300\" height=\"225\" srcset=\"https:\/\/copterweb.de\/wordpress\/wp-content\/uploads\/IMG_1220-300x225.jpg 300w, https:\/\/copterweb.de\/wordpress\/wp-content\/uploads\/IMG_1220-1024x769.jpg 1024w, https:\/\/copterweb.de\/wordpress\/wp-content\/uploads\/IMG_1220-768x577.jpg 768w, https:\/\/copterweb.de\/wordpress\/wp-content\/uploads\/IMG_1220-1536x1153.jpg 1536w, https:\/\/copterweb.de\/wordpress\/wp-content\/uploads\/IMG_1220-2048x1538.jpg 2048w\" sizes=\"(max-width: 300px) 100vw, 300px\"><\/a>Die Landespolizeidirektorin des Landes-was\u00adser\u00adschutz\u00adpo\u00adli\u00adzei\u00adam\u00adtes Mecklenburg-Vorpommern, Antje Finnern, begr\u00fc\u00df\u00adte die Ministerpr\u00e4sidentin, Manuela Schwesig, den Innenminister, Christian Pegel, sowie alle G\u00e4ste und f\u00fchr\u00adte durch die Veranstaltung. Sie dank\u00adte der Polizeihubschrauberstaffel f\u00fcr ihr gro\u00ad\u00dfes Engagement beim Beschaffungsverfahren und der Organisation des Festaktes.<\/span><\/p>\n<p style=\"text-align: justify;\"><span style=\"font-family: arial, helvetica, sans-serif;\"><a href=\"https:\/\/copterweb.de\/wordpress\/wp-content\/uploads\/IMG_1241-001.jpg\"><img loading=\"lazy\" decoding=\"async\" class=\"size-medium wp-image-13145 alignleft\" src=\"https:\/\/copterweb.de\/wordpress\/wp-content\/uploads\/IMG_1241-001-300x225.jpg\" alt width=\"300\" height=\"225\" srcset=\"https:\/\/copterweb.de\/wordpress\/wp-content\/uploads\/IMG_1241-001-300x225.jpg 300w, https:\/\/copterweb.de\/wordpress\/wp-content\/uploads\/IMG_1241-001-1024x769.jpg 1024w, https:\/\/copterweb.de\/wordpress\/wp-content\/uploads\/IMG_1241-001-768x577.jpg 768w, https:\/\/copterweb.de\/wordpress\/wp-content\/uploads\/IMG_1241-001.jpg 1200w\" sizes=\"(max-width: 300px) 100vw, 300px\"><\/a><span class=\"dquo\">\u201e<\/span><em>Die neu\u00aden Hubschrauber sichern die Einsatzf\u00e4higkeit unse\u00adrer Polizei f\u00fcr vie\u00adle Jahre. Sie erf\u00fcl\u00adlen die neu\u00ades\u00adten tech\u00adni\u00adschen Standards und begeg\u00adnen unse\u00adren Anforderungen als Fl\u00e4chen- und K\u00fcstenland. Die neu\u00aden Maschinen wer\u00adden am Flugplatz Rostock-Laage sta\u00adtio\u00adniert. Mit der her\u00advor\u00adra\u00adgen\u00adden Infrastruktur, der zen\u00adtra\u00adlen Lage und der guten Erreichbarkeit ist Laage der idea\u00adle <a href=\"https:\/\/copterweb.de\/wordpress\/wp-content\/uploads\/IMG_1232.jpg\"><img loading=\"lazy\" decoding=\"async\" class=\"size-medium wp-image-13146 alignright\" src=\"https:\/\/copterweb.de\/wordpress\/wp-content\/uploads\/IMG_1232-300x200.jpg\" alt width=\"300\" height=\"200\" srcset=\"https:\/\/copterweb.de\/wordpress\/wp-content\/uploads\/IMG_1232-300x200.jpg 300w, https:\/\/copterweb.de\/wordpress\/wp-content\/uploads\/IMG_1232-1024x683.jpg 1024w, https:\/\/copterweb.de\/wordpress\/wp-content\/uploads\/IMG_1232-768x512.jpg 768w, https:\/\/copterweb.de\/wordpress\/wp-content\/uploads\/IMG_1232.jpg 1200w\" sizes=\"(max-width: 300px) 100vw, 300px\"><\/a>Standort. Hier k\u00f6n\u00adnen die Maschinen rund um die Uhr star\u00adten und lan\u00adden\u2009\u2014\u2009je nach Bedarf und ganz fle\u00adxi\u00adbel\u201c<\/em>, erkl\u00e4r\u00adte Ministerpr\u00e4sidentin Manuela Schwesig. Sie \u00fcber\u00adgab dann offi\u00adzi\u00adell das Bordbuch an die Staffel.<\/span><\/p>\n<p><\/p>\n<p style=\"text-align: justify;\"><span style=\"font-family: arial, helvetica, sans-serif;\"><a href=\"https:\/\/copterweb.de\/wordpress\/wp-content\/uploads\/PHuST.MV_03-Pegel_07_2023_Autogramm_by-Danny-Gohlke.jpg\"><img loading=\"lazy\" decoding=\"async\" class=\"size-medium wp-image-13147 alignleft\" src=\"https:\/\/copterweb.de\/wordpress\/wp-content\/uploads\/PHuST.MV_03-Pegel_07_2023_Autogramm_by-Danny-Gohlke-300x225.jpg\" alt width=\"300\" height=\"225\" srcset=\"https:\/\/copterweb.de\/wordpress\/wp-content\/uploads\/PHuST.MV_03-Pegel_07_2023_Autogramm_by-Danny-Gohlke-300x225.jpg 300w, https:\/\/copterweb.de\/wordpress\/wp-content\/uploads\/PHuST.MV_03-Pegel_07_2023_Autogramm_by-Danny-Gohlke.jpg 560w\" sizes=\"(max-width: 300px) 100vw, 300px\"><\/a>Innenminister Christian Pegel: <em>\u201eF\u00fcr unse\u00adre Polizei beginnt mit dem neu\u00aden <span class=\"caps\">H145<\/span> ein neu\u00ades Kapitel in der Luftunterst\u00fctzung. Unsere Einsatzkr\u00e4fte erhal\u00adten damit ein hoch\u00admo\u00adder\u00adnes Luftfahrzeug, das ihnen ins\u00adbe\u00adson\u00adde\u00adre in kom\u00adple\u00adxen und zeit\u00adkri\u00adti\u00adschen Lagen zus\u00e4tz\u00adli\u00adche M\u00f6glichkeiten bie\u00adtet. Wenn am Boden schnel\u00adle Entscheidungen gefragt sind, kann die Unterst\u00fctzung aus der Luft den ent\u00adschei\u00adden\u00adden Unterschied machen. Mit der Indienststellung die\u00adses Hubschraubers inves\u00adtie\u00adren wir des\u00adhalb gezielt in die ope\u00adra\u00adti\u00adve Handlungsst\u00e4rke unse\u00adrer Polizei und schaf\u00adfen bes\u00adse\u00adre Voraussetzungen f\u00fcr erfolg\u00adrei\u00adche Eins\u00e4tze. Die gemein\u00adsa\u00adme Beschaffung mit Niedersachsen zeigt zugleich, wie sinn\u00advoll eine enge Zusammenarbeit der L\u00e4nder bei sol\u00adchen Vorhaben sein kann.\u201c<\/em><\/span><\/p>\n<p style=\"text-align: justify;\"><span style=\"font-family: arial, helvetica, sans-serif;\"><a href=\"https:\/\/copterweb.de\/wordpress\/wp-content\/uploads\/IMG_1245.jpg\"><img loading=\"lazy\" decoding=\"async\" class=\"size-medium wp-image-13148 alignright\" src=\"https:\/\/copterweb.de\/wordpress\/wp-content\/uploads\/IMG_1245-300x226.jpg\" alt width=\"300\" height=\"226\" srcset=\"https:\/\/copterweb.de\/wordpress\/wp-content\/uploads\/IMG_1245-300x226.jpg 300w, https:\/\/copterweb.de\/wordpress\/wp-content\/uploads\/IMG_1245-1024x771.jpg 1024w, https:\/\/copterweb.de\/wordpress\/wp-content\/uploads\/IMG_1245-768x578.jpg 768w, https:\/\/copterweb.de\/wordpress\/wp-content\/uploads\/IMG_1245.jpg 1200w\" sizes=\"(max-width: 300px) 100vw, 300px\"><\/a>Polizeiinspekteur Lutz M\u00fcller erin\u00adner\u00adte bei sei\u00adner Rede an die Geschichte der Hubschrauberstaffel. Der Landtag hat\u00adte 1997 die Anschaffung der ers\u00adten bei\u00adden Maschinen beschlos\u00adsen. Ihre Indienststellung war 1999 zun\u00e4chst ein freu\u00addi\u00adges Ereignis. Doch noch im sel\u00adben Jahr wur\u00adde die Staffel von einem schwe\u00adren Ungl\u00fcck getrof\u00adfen. Am 24. November 1999 st\u00fcrz\u00adte ein Hubschrauber der Staffel ab. Drei Kollegen kamen dabei ums Leben. <em>\u201eNoch heu\u00adte geden\u00adken wir die\u00adses Tages\u201c<\/em>, sag\u00adte M\u00fcller. Die heu\u00adti\u00adgen Gefahrenlagen sei\u00aden viel\u00adf\u00e4l\u00adti\u00adger und gr\u00f6\u00ad\u00dfer gewor\u00adden. Dabei gehe es l\u00e4ngst nicht mehr aus\u00adschlie\u00df\u00adlich um poli\u00adzei\u00adli\u00adche Eins\u00e4tze, son\u00addern eben\u00adso um Br\u00e4nde und Katastrophen. <em>\u201eDie Polizei ist Teil der Blaulichtfamilie\u201c<\/em>, sag\u00adte der Inspekteur. Entscheidend sei, gemein\u00adsam Menschen zu sch\u00fct\u00adzen und Leben zu ret\u00adten. <em>\u201eJedes Menschenleben, das wir mit Unterst\u00fctzung des Hubschraubers ret\u00adten k\u00f6n\u00adnen, kann man nicht mit Geld auf\u00adwie\u00adgen\u201c<\/em>, beton\u00adte er. Ein Menschenleben sei unbe\u00adzahl\u00adbar. F\u00fcr die Zukunft w\u00fcnsch\u00adte sich der Polizeiinspekteur wie auch Ministerpr\u00e4sidentin, dass Laage als wich\u00adti\u00adger tak\u00adti\u00adscher Standort erhal\u00adten bleibt. Vor allem rich\u00adte\u00adte er einen per\u00ads\u00f6n\u00adli\u00adchen Wunsch an die Besatzungen: vie\u00adle erfolg\u00adrei\u00adche Eins\u00e4tze \u2013 und dass alle nach jedem Flug wie\u00adder gesund nach Hause kom\u00admen.<\/span><\/p>\n<p style=\"text-align: justify;\"><span style=\"font-family: arial, helvetica, sans-serif;\"><a href=\"https:\/\/copterweb.de\/wordpress\/wp-content\/uploads\/IMG_1265.jpg\"><img loading=\"lazy\" decoding=\"async\" class=\"size-medium wp-image-13149 alignleft\" src=\"https:\/\/copterweb.de\/wordpress\/wp-content\/uploads\/IMG_1265-300x200.jpg\" alt width=\"300\" height=\"200\" srcset=\"https:\/\/copterweb.de\/wordpress\/wp-content\/uploads\/IMG_1265-300x200.jpg 300w, https:\/\/copterweb.de\/wordpress\/wp-content\/uploads\/IMG_1265-1024x683.jpg 1024w, https:\/\/copterweb.de\/wordpress\/wp-content\/uploads\/IMG_1265-768x512.jpg 768w, https:\/\/copterweb.de\/wordpress\/wp-content\/uploads\/IMG_1265.jpg 1200w\" sizes=\"(max-width: 300px) 100vw, 300px\"><\/a>Zum Schluss spra\u00adchen die katho\u00adli\u00adschen und evan\u00adge\u00adli\u00adschen Polizeiseelsorger Mecklenburg-Vorpommerns ein Gebet und seg\u00adne\u00adten den Hubschrauber .<\/span><\/p>\n<p><\/p>\n<p><\/p>\n<p style=\"text-align: justify;\"><span style=\"font-family: arial, helvetica, sans-serif;\"><a href=\"https:\/\/copterweb.de\/wordpress\/wp-content\/uploads\/IMG_5667.jpg\"><img loading=\"lazy\" decoding=\"async\" class=\"size-medium wp-image-13150 alignright\" src=\"https:\/\/copterweb.de\/wordpress\/wp-content\/uploads\/IMG_5667-300x200.jpg\" alt width=\"300\" height=\"200\" srcset=\"https:\/\/copterweb.de\/wordpress\/wp-content\/uploads\/IMG_5667-300x200.jpg 300w, https:\/\/copterweb.de\/wordpress\/wp-content\/uploads\/IMG_5667-1024x683.jpg 1024w, https:\/\/copterweb.de\/wordpress\/wp-content\/uploads\/IMG_5667-768x512.jpg 768w, https:\/\/copterweb.de\/wordpress\/wp-content\/uploads\/IMG_5667.jpg 1200w\" sizes=\"(max-width: 300px) 100vw, 300px\"><\/a>Anschlie\u00dfend hat\u00adte die Ministerpr\u00e4sidentin, der Innenminister und alle G\u00e4ste die M\u00f6glichkeit den Hubschrauber zu besich\u00adti\u00adgen und sich Informationen durch die Piloten der Polizeihubschrauberstaffel ein\u00adzu\u00adho\u00adlen.<\/span><\/p>\n<p><\/p>\n<p style=\"text-align: justify;\"><span style=\"font-family: arial, helvetica, sans-serif;\"><strong>Informationen zur Staffel<br>\n<\/strong><\/span><span style=\"font-family: arial, helvetica, sans-serif;\"><a href=\"https:\/\/copterweb.de\/wordpress\/wp-content\/uploads\/PHuST.MV_05.jpg\"><img loading=\"lazy\" decoding=\"async\" class=\"alignleft size-medium wp-image-13151\" src=\"https:\/\/copterweb.de\/wordpress\/wp-content\/uploads\/PHuST.MV_05-300x201.jpg\" alt width=\"300\" height=\"201\" srcset=\"https:\/\/copterweb.de\/wordpress\/wp-content\/uploads\/PHuST.MV_05-300x201.jpg 300w, https:\/\/copterweb.de\/wordpress\/wp-content\/uploads\/PHuST.MV_05-1024x684.jpg 1024w, https:\/\/copterweb.de\/wordpress\/wp-content\/uploads\/PHuST.MV_05-768x513.jpg 768w, https:\/\/copterweb.de\/wordpress\/wp-content\/uploads\/PHuST.MV_05.jpg 1200w\" sizes=\"(max-width: 300px) 100vw, 300px\"><\/a>Die Polizeihubschrauberstaffel in Laage besteht aus 22 Mitarbeiterinnen und Mitarbeitern. Allein im Jahr 2025 absol\u00advier\u00adte die Hubschrauberstaffel 368 Eins\u00e4tze mit ins\u00adge\u00adsamt 622 Flugstunden. Im Durchschnitt wur\u00adde also etwa ein Einsatz pro Tag absol\u00adviert. Die Hubschrauberstaffel der Landespolizei wur\u00adde wie bereits erw\u00e4hnt 1999 gegr\u00fcn\u00addet. Sie unter\u00adsteht dem Landeswasserschutzpolizeiamt Mecklenburg-Vorpommern. Der Zust\u00e4ndigkeitsbereich umfasst das gesam\u00adte Bundesland sowie das deut\u00adsche K\u00fcstenmeer bis an die Hoheitsgrenzen der Bundesrepublik Deutschland.<\/span><\/p>\n<p style=\"text-align: justify;\"><span style=\"font-family: arial, helvetica, sans-serif;\"><a href=\"https:\/\/copterweb.de\/wordpress\/wp-content\/uploads\/PHuST.MV_06.jpg\"><img loading=\"lazy\" decoding=\"async\" class=\"size-medium wp-image-13152 alignright\" src=\"https:\/\/copterweb.de\/wordpress\/wp-content\/uploads\/PHuST.MV_06-300x201.jpg\" alt width=\"300\" height=\"201\" srcset=\"https:\/\/copterweb.de\/wordpress\/wp-content\/uploads\/PHuST.MV_06-300x201.jpg 300w, https:\/\/copterweb.de\/wordpress\/wp-content\/uploads\/PHuST.MV_06-1024x684.jpg 1024w, https:\/\/copterweb.de\/wordpress\/wp-content\/uploads\/PHuST.MV_06-768x513.jpg 768w, https:\/\/copterweb.de\/wordpress\/wp-content\/uploads\/PHuST.MV_06.jpg 1200w\" sizes=\"(max-width: 300px) 100vw, 300px\"><\/a>Mit ihren bei\u00adden Maschinen vom Typ Eurocopter <span class=\"caps\">EC135<\/span> bzw. k\u00fcnf\u00adtig Airbus <span class=\"caps\">H145<\/span> <span class=\"caps\">D3<\/span> stellt die Hubschrauberstaffel eines der viel\u00adsei\u00adtigs\u00adten Einsatzmittel der Landespolizei. Das Aufgabenspektrum umfasst neben Aufkl\u00e4rungs-, Fahndungs- und Umweltschutzma\u00dfnahmen auch die Dokumentation mit\u00adtels Foto- und Videotechnik. Such-, Rettungs- und Bergungseins\u00e4tze geh\u00f6\u00adren eben\u00adso zum Alltag wie Transport- und Verkehrs\u00fcberwachungsfl\u00fcge. Die jeweils 3-k\u00f6p\u00adfi\u00adgen Besatzungen sind mit Hilfe von Spezialequipment wie W\u00e4rmebildkamera, Suchscheinwerfer und Nachtsichtger\u00e4ten in der Lage, die Kollegen der Schutz- und Kriminalpolizei sowie die Spezialeinheiten des Landes rund um die Uhr zu unter\u00adst\u00fct\u00adzen.<\/span><\/p>\n<p style=\"text-align: justify;\"><span style=\"font-family: arial, helvetica, sans-serif;\"><strong>Beschaffung und Design<br>\n<\/strong><\/span><span style=\"font-family: arial, helvetica, sans-serif;\">Die Beschaffung der zwei neu\u00aden Hubschraubern H&nbsp;145 <span class=\"caps\">D3<\/span> f\u00fcr die Landespolizei Mecklenburg-Vorpommern erfolg\u00adte gemein\u00adsam mit dem Land Niedersachsen. Mecklenburg-Vorpommern hat\u00adte sich sei\u00adner\u00adzeit dem von Niedersachsen begon\u00adne\u00adnen Ausschreibungsprozess f\u00fcr eben\u00adfalls zwei neue Hubschrauber vom Typ H&nbsp;145 <span class=\"caps\">D3<\/span> ange\u00adschlos\u00adsen. Dieser hat\u00adte dann im August 2022 zur Ausschreibung der Hubschrauber gef\u00fchrt. Nachdem der Ausschreibungsprozess abge\u00adschlos\u00adsen war, konn\u00adten im August 2023 bei Airbus vier Hubschrauber <span class=\"caps\">H145<\/span> f\u00fcr die Landespolizeien in Niedersachsen und Mecklenburg-Vorpommern bestellt wer\u00adden. \u201e<em>Die gemein\u00adsa\u00adme Beschaffung erspart uns, so wie wir es erhofft hat\u00adten, viel Geld. Wir k\u00f6n\u00adnen unse\u00adre bei\u00adden Flugger\u00e4te zusam\u00admen jetzt f\u00fcr knapp 40 Millionen Euro erwer\u00adben und spa\u00adren damit fast 20 Prozent gemes\u00adsen an den erwar\u00adte\u00adten Kosten bei einer Einzelbeschaffung mit Listenpreisen. Darin ein\u00adge\u00adschlos\u00adsen sind die Kosten f\u00fcr die Aus- und Weiterbildung unse\u00adrer Piloten sowie die Zusatzausstattung<\/em>\u201c, sag\u00adte schon sei\u00adner\u00adzeit Mecklenburgs Innenminister Christian Pegel bei der Auftragserteilung.<\/span><\/p>\n<p style=\"text-align: justify;\"><span style=\"font-family: arial, helvetica, sans-serif;\"><a href=\"https:\/\/copterweb.de\/wordpress\/wp-content\/uploads\/PHuST.MV_07.jpg\"><img loading=\"lazy\" decoding=\"async\" class=\"size-medium wp-image-13153 alignleft\" src=\"https:\/\/copterweb.de\/wordpress\/wp-content\/uploads\/PHuST.MV_07-300x200.jpg\" alt width=\"300\" height=\"200\" srcset=\"https:\/\/copterweb.de\/wordpress\/wp-content\/uploads\/PHuST.MV_07-300x200.jpg 300w, https:\/\/copterweb.de\/wordpress\/wp-content\/uploads\/PHuST.MV_07-1024x683.jpg 1024w, https:\/\/copterweb.de\/wordpress\/wp-content\/uploads\/PHuST.MV_07-768x512.jpg 768w, https:\/\/copterweb.de\/wordpress\/wp-content\/uploads\/PHuST.MV_07.jpg 1200w\" sizes=\"(max-width: 300px) 100vw, 300px\"><\/a>Nachdem die tech\u00adni\u00adschen Eckdaten und die poli\u00adzei\u00adlich not\u00adwen\u00addi\u00adge Ausr\u00fcstung fest\u00adge\u00adlegt wer\u00adden konn\u00adten, wur\u00adde auch \u00fcber das Design ent\u00adschie\u00adden. Bei der Gestaltung war unter ande\u00adrem zu beach\u00adten, dass durch die Verwendung der blau\u00aden Grundfarbe die Hubschrauber klar als poli\u00adzei\u00adli\u00adches Einsatzmittel zu erken\u00adnen sind. Dies wird durch den gro\u00df\u00adfl\u00e4\u00adchi\u00adgen Schriftzug \u201e<span class=\"caps\">POLIZEI<\/span>\u201c mit einer moder\u00adnen Formgebung unter\u00adst\u00fctzt. Der mar\u00adkan\u00adte Schriftzug wur\u00adde bereits bei dem Vorg\u00e4ngermodell Eurocopter <span class=\"caps\">EC<\/span> 135 ver\u00adwen\u00addet und mach\u00adte die Polizeihubschrauber der Landespolizei seit deren Einf\u00fchrung im Jahr 1999 bun\u00addes\u00adweit bekannt. Das neue Design wur\u00adde in einem gemein\u00adsa\u00admen Abstimmungsprozess durch die f\u00fcr die Beschaffung ver\u00adant\u00adwort\u00adli\u00adche Projektgruppe mit Mitarbeitenden der Hubschrauberstaffel und dem Innenministerium <span class=\"caps\">MV<\/span> erar\u00adbei\u00adtet.<\/span><\/p>\n<p style=\"text-align: justify;\"><span style=\"font-family: arial, helvetica, sans-serif;\"><strong>Autoren:<\/strong> Werner Latten, Berlin und Rolf Klukowski, Berlin unter Beachtung der Pressemitteilung der Staatskanzlei Mecklenburg-Vorpommern vom 31. August 2026<\/span><\/p>\n<p style=\"text-align: justify;\"><\/p>\n","protected":false},"excerpt":{"rendered":"<p>Ministerpr\u00e4sidentin Manuela Schwesig und Innenminister Christian Pegel haben am 31. August 2026 den ers\u00adten von zwei neu\u00aden Polizeihubschraubern an die Landespolizei Mecklenburg-Vorpommern \u00fcber\u00adge\u00adben. Die bei\u00adden bis\u00adhe\u00adri\u00adgen Maschinen vom Typ Eurocopter <span class=\"caps\">EC135<\/span> der Polizeihubschrauberstaffel in Laage sind nun bereits seit 25 \u2026 <a href=\"https:\/\/copterweb.de\/wordpress\/indienststellung-des-neuen-polizeihubschraubers-der-landespolizei-mecklenburg-vorpommern\/\">Weiterlesen <span class=\"meta-nav\">\u2192<\/span><\/a><\/p>\n","protected":false},"author":7,"featured_media":13144,"comment_status":"closed","ping_status":"open","sticky":false,"template":"","format":"standard","meta":{"ngg_post_thumbnail":0,"footnotes":""},"categories":[6],"tags":[],"_links":{"self":[{"href":"https:\/\/copterweb.de\/wordpress\/wp-json\/wp\/v2\/posts\/13143"}],"collection":[{"href":"https:\/\/copterweb.de\/wordpress\/wp-json\/wp\/v2\/posts"}],"about":[{"href":"https:\/\/copterweb.de\/wordpress\/wp-json\/wp\/v2\/types\/post"}],"author":[{"embeddable":true,"href":"https:\/\/copterweb.de\/wordpress\/wp-json\/wp\/v2\/users\/7"}],"replies":[{"embeddable":true,"href":"https:\/\/copterweb.de\/wordpress\/wp-json\/wp\/v2\/comments?post=13143"}],"version-history":[{"count":5,"href":"https:\/\/copterweb.de\/wordpress\/wp-json\/wp\/v2\/posts\/13143\/revisions"}],"predecessor-version":[{"id":13159,"href":"https:\/\/copterweb.de\/wordpress\/wp-json\/wp\/v2\/posts\/13143\/revisions\/13159"}],"wp:featuredmedia":[{"embeddable":true,"href":"https:\/\/copterweb.de\/wordpress\/wp-json\/wp\/v2\/media\/13144"}],"wp:attachment":[{"href":"https:\/\/copterweb.de\/wordpress\/wp-json\/wp\/v2\/media?parent=13143"}],"wp:term":[{"taxonomy":"category","embeddable":true,"href":"https:\/\/copterweb.de\/wordpress\/wp-json\/wp\/v2\/categories?post=13143"},{"taxonomy":"post_tag","embeddable":true,"href":"https:\/\/copterweb.de\/wordpress\/wp-json\/wp\/v2\/tags?post=13143"}],"curies":[{"name":"wp","href":"https:\/\/api.w.org\/{rel}","templated":true}]}}