{"id":282,"date":"2006-03-14T17:58:09","date_gmt":"2006-03-14T16:58:09","guid":{"rendered":"http:\/\/copterweb.de\/wordpress\/?p=282"},"modified":"2010-09-11T18:00:46","modified_gmt":"2010-09-11T16:00:46","slug":"drf-erhalt-zuschlag-fur-magdeburg","status":"publish","type":"post","link":"https:\/\/copterweb.de\/wordpress\/drf-erhalt-zuschlag-fur-magdeburg\/","title":{"rendered":"<span class=\"caps\">DRF<\/span> erh\u00e4lt Zuschlag f\u00fcr Magdeburg"},"content":{"rendered":"<p>Seit Montag ist nun offi\u00adzi\u00adell bekannt, dass die Deutsche Rettungsflugwacht (<span class=\"caps\">DRF<\/span>) im April das Bundesministerium des Innern abl\u00f6st und einen Rettungshubschrauber f\u00fcr Magdeburg zur Verf\u00fcgung stellt.<!--more-->Magdeburg (14.03.2006)\u2009\u2014\u2009Am ver\u00adgan\u00adge\u00adnen Montag hat der Gesundheitsminister des Land Sachsen-Anhalt der <span class=\"caps\">DRF<\/span> offi\u00adzi\u00adell die Genehmigung erteilt, einen Rettungshubschrauber f\u00fcr Sachsen-Anhalt zur Verf\u00fcgung zu stel\u00adlen. Zugleich gab es ein \u201aPre-Fly in\u2019 f\u00fcr den k\u00fcnf\u00adti\u00adgen Rettungshubschrauber vom Typ Eurocopter <span class=\"caps\">EC<\/span> 135, der ab April im Auftrag des Landes f\u00fcr die Luftrettung bereit\u00adste\u00adhen wird.<\/p>\n<p>Nach einem euro\u00adpa\u00adwei\u00adten Auswahlverfahren erhielt letzt endendlich die <span class=\"caps\">DRF<\/span> den Zuschlag. Ber\u00fccksichtige Auswahlkriterien waren die Erfahrung des Unternehmens, der Hubschraubertyp, die Ausstattung und Ausr\u00fcstung, die Erfahrung der Hubschrauberf\u00fchrer, der Standort der Werft, Wartungskosten sowie die gesch\u00e4tz\u00adten Einsatzkosten.<\/p>\n<p>Die <span class=\"caps\">DRF<\/span> wird im April somit einen Rettungshubschrauber vom Typ <span class=\"caps\">EC<\/span> 135 zur Verf\u00fcgung stel\u00adlen, der im Vergleich zur bis\u00adher ein\u00adge\u00adset\u00adzen <span class=\"caps\">BO<\/span> 105 zahl\u00adrei\u00adche Vorteile, wie zum Beispiel eine gr\u00f6\u00ad\u00dfe\u00adre Kabine bie\u00adtet. Die <span class=\"caps\">EC<\/span> 135 wird bun\u00addes\u00adweit der\u00adzeit an vier Standorten der <span class=\"caps\">DRF<\/span> ein\u00adge\u00adsetzt.<\/p>\n<p><a href=\"http:\/\/copterweb.de\/wordpress\/wp-content\/uploads\/2010\/09\/140306.jpg\"><img loading=\"lazy\" decoding=\"async\" class=\"aligncenter size-full wp-image-283\" title=\"140306\" src=\"https:\/\/copterweb.de\/wordpress\/wp-content\/uploads\/2010\/09\/140306.jpg\" alt width=\"500\" height=\"250\" srcset=\"https:\/\/copterweb.de\/wordpress\/wp-content\/uploads\/2010\/09\/140306.jpg 500w, https:\/\/copterweb.de\/wordpress\/wp-content\/uploads\/2010\/09\/140306-300x150.jpg 300w\" sizes=\"(max-width: 500px) 100vw, 500px\"><\/a><a href=\"http:\/\/copterweb.de\/wordpress\/wp-content\/uploads\/2010\/09\/140306_1.jpg\"><img loading=\"lazy\" decoding=\"async\" class=\"aligncenter size-full wp-image-284\" title=\"140306_1\" src=\"https:\/\/copterweb.de\/wordpress\/wp-content\/uploads\/2010\/09\/140306_1.jpg\" alt width=\"500\" height=\"250\" srcset=\"https:\/\/copterweb.de\/wordpress\/wp-content\/uploads\/2010\/09\/140306_1.jpg 500w, https:\/\/copterweb.de\/wordpress\/wp-content\/uploads\/2010\/09\/140306_1-300x150.jpg 300w\" sizes=\"(max-width: 500px) 100vw, 500px\"><\/a><a href=\"http:\/\/copterweb.de\/wordpress\/wp-content\/uploads\/2010\/09\/140306_2.jpg\"><img loading=\"lazy\" decoding=\"async\" class=\"aligncenter size-full wp-image-285\" title=\"140306_2\" src=\"https:\/\/copterweb.de\/wordpress\/wp-content\/uploads\/2010\/09\/140306_2.jpg\" alt width=\"500\" height=\"250\" srcset=\"https:\/\/copterweb.de\/wordpress\/wp-content\/uploads\/2010\/09\/140306_2.jpg 500w, https:\/\/copterweb.de\/wordpress\/wp-content\/uploads\/2010\/09\/140306_2-300x150.jpg 300w\" sizes=\"(max-width: 500px) 100vw, 500px\"><\/a><\/p>\n<p><span class=\"dquo\">\u00bb<\/span> Artikel: Julian L\u00f6he; Pressemitteilung<br> \u00bb Fotos: Ministerium f\u00fcr Gesundheit und Soziales Sachsen-Anhalts<\/p>\n","protected":false},"excerpt":{"rendered":"<p>Seit Montag ist nun offi\u00adzi\u00adell bekannt, dass die Deutsche Rettungsflugwacht (<span class=\"caps\">DRF<\/span>) im April das Bundesministerium des Innern abl\u00f6st und einen Rettungshubschrauber f\u00fcr Magdeburg zur Verf\u00fcgung stellt.<\/p>\n","protected":false},"author":1,"featured_media":283,"comment_status":"closed","ping_status":"open","sticky":false,"template":"","format":"standard","meta":{"ngg_post_thumbnail":0,"footnotes":""},"categories":[1],"tags":[],"_links":{"self":[{"href":"https:\/\/copterweb.de\/wordpress\/wp-json\/wp\/v2\/posts\/282"}],"collection":[{"href":"https:\/\/copterweb.de\/wordpress\/wp-json\/wp\/v2\/posts"}],"about":[{"href":"https:\/\/copterweb.de\/wordpress\/wp-json\/wp\/v2\/types\/post"}],"author":[{"embeddable":true,"href":"https:\/\/copterweb.de\/wordpress\/wp-json\/wp\/v2\/users\/1"}],"replies":[{"embeddable":true,"href":"https:\/\/copterweb.de\/wordpress\/wp-json\/wp\/v2\/comments?post=282"}],"version-history":[{"count":1,"href":"https:\/\/copterweb.de\/wordpress\/wp-json\/wp\/v2\/posts\/282\/revisions"}],"predecessor-version":[{"id":287,"href":"https:\/\/copterweb.de\/wordpress\/wp-json\/wp\/v2\/posts\/282\/revisions\/287"}],"wp:featuredmedia":[{"embeddable":true,"href":"https:\/\/copterweb.de\/wordpress\/wp-json\/wp\/v2\/media\/283"}],"wp:attachment":[{"href":"https:\/\/copterweb.de\/wordpress\/wp-json\/wp\/v2\/media?parent=282"}],"wp:term":[{"taxonomy":"category","embeddable":true,"href":"https:\/\/copterweb.de\/wordpress\/wp-json\/wp\/v2\/categories?post=282"},{"taxonomy":"post_tag","embeddable":true,"href":"https:\/\/copterweb.de\/wordpress\/wp-json\/wp\/v2\/tags?post=282"}],"curies":[{"name":"wp","href":"https:\/\/api.w.org\/{rel}","templated":true}]}}