{"id":312,"date":"2006-05-03T18:11:40","date_gmt":"2006-05-03T16:11:40","guid":{"rendered":"http:\/\/copterweb.de\/wordpress\/?p=312"},"modified":"2010-09-11T18:12:46","modified_gmt":"2010-09-11T16:12:46","slug":"weiterer-zsh-an-eurocopter-abgegeben","status":"publish","type":"post","link":"https:\/\/copterweb.de\/wordpress\/weiterer-zsh-an-eurocopter-abgegeben\/","title":{"rendered":"Weiterer <span class=\"caps\">ZSH<\/span> an Eurocopter abge\u00adge\u00adben"},"content":{"rendered":"<p>Mitte April hat das Bundesinnenministerium einen von Eurcopter Deutschland geleas\u00adten Zivilschutzhubschrauber abge\u00adge\u00adben und verin\u00adgert die Anzahl der <span class=\"caps\">ZSH<\/span> somit auf 21 Maschinen.<!--more-->Ein wei\u00adte\u00adrer Hubschrauber des Bundesinnenministeriums ist an die Firma Eurocopter zur\u00fcck\u00adge\u00adge\u00adben wor\u00adden. Bereits am 18.04.2006 wur\u00adde die <span class=\"caps\">BO<\/span> 105 <span class=\"caps\">CBS-5<\/span> mit der Registrierung D-HGSG vom letz\u00adten Standort im St\u00fctzpunkt Gifhorn der Bundespolizei-Fliegerstaffel Nord nach Donauw\u00f6rth geflo\u00adgen. Nach vor\u00adbe\u00adrei\u00adten\u00adden Ma\u00dfnahmen und dem Ausbau eini\u00adger Ausstattung wur\u00adde der oran\u00adge\u00adfar\u00adbe\u00adne Zivilschutz-Hubschrauber heu\u00adte von der Bundespolizei ord\u00adnungs\u00adge\u00adm\u00e4\u00df an <span class=\"caps\">ECD<\/span> \u00fcber\u00adge\u00adben. Damit redu\u00adziert sich die Flotte der <span class=\"caps\">BO<\/span> 105, die das Bundesinnenministerium in der Luftrettung ein\u00adsetzt, auf 19.<\/p>\n<p>Wie bereits bekannt, sol\u00adlen die <span class=\"caps\">BO<\/span>\u2019s von moder\u00adnen <span class=\"caps\">EC<\/span> 135 T2i abge\u00adl\u00f6st wer\u00adden. Die bei\u00adden ers\u00adten Hubschrauber befin\u00adden sich bereits in der Produktion. Die Auslieferung wird f\u00fcr Dezember die\u00adsen Jahres erwar\u00adtet. Besonders inter\u00ades\u00adsant ist die Wechselausstattung f\u00fcr die Medizin, da der Hubschrauber auch f\u00fcr ande\u00adre Zwecke ein\u00adsetz\u00adbar blei\u00adben soll. Ein ver\u00adgleich\u00adba\u00adres System setzt der <span class=\"caps\">\u00d6AMTC<\/span> in sei\u00adnen <span class=\"caps\">EC<\/span> 135 ein. Aber auch in Deutschland ist eine Ausstattung in die\u00adser Art im Hubschrauber der Firma Linke ein\u00adge\u00adbaut, der f\u00fcr Elbehelikopter in Bautzen fliegt.<\/p>\n<p>Auf der <span class=\"caps\">ILA<\/span> 2006&nbsp;in Berlin-Sch\u00f6nefeld wird das Bundesamt f\u00fcr Bev\u00f6lkerungsschutz und Katastrophenhilfe auf sei\u00adnem Stand in Halle 1, dem HeliCenter, erst\u00adma\u00adlig ein Modell des neu\u00aden Hubschraubers im neu\u00aden Farbdesign pr\u00e4\u00adsen\u00adtie\u00adren. Es bleibt abzu\u00adwar\u00adten, wann eine Entscheidung \u00fcber drin\u00adgend ben\u00f6\u00adtig\u00adte, wei\u00adte\u00adre <span class=\"caps\">EC<\/span> 135 getrof\u00adfen wird.<\/p>\n<p><a href=\"http:\/\/copterweb.de\/wordpress\/wp-content\/uploads\/2010\/09\/030506.jpg\"><img loading=\"lazy\" decoding=\"async\" class=\"aligncenter size-full wp-image-313\" title=\"030506\" src=\"https:\/\/copterweb.de\/wordpress\/wp-content\/uploads\/2010\/09\/030506.jpg\" alt width=\"500\" height=\"250\" srcset=\"https:\/\/copterweb.de\/wordpress\/wp-content\/uploads\/2010\/09\/030506.jpg 500w, https:\/\/copterweb.de\/wordpress\/wp-content\/uploads\/2010\/09\/030506-300x150.jpg 300w\" sizes=\"(max-width: 500px) 100vw, 500px\"><\/a><\/p>\n<p><span class=\"dquo\">\u00bb<\/span> Artikel: Copterweb<br> \u00bb Bilder: Alexander Mura<\/p>\n","protected":false},"excerpt":{"rendered":"<p>Mitte April hat das Bundesinnenministerium einen von Eurcopter Deutschland geleas\u00adten Zivilschutzhubschrauber abge\u00adge\u00adben und verin\u00adgert die Anzahl der <span class=\"caps\">ZSH<\/span> somit auf 21 Maschinen.<\/p>\n","protected":false},"author":1,"featured_media":313,"comment_status":"closed","ping_status":"open","sticky":false,"template":"","format":"standard","meta":{"ngg_post_thumbnail":0,"footnotes":""},"categories":[16],"tags":[],"_links":{"self":[{"href":"https:\/\/copterweb.de\/wordpress\/wp-json\/wp\/v2\/posts\/312"}],"collection":[{"href":"https:\/\/copterweb.de\/wordpress\/wp-json\/wp\/v2\/posts"}],"about":[{"href":"https:\/\/copterweb.de\/wordpress\/wp-json\/wp\/v2\/types\/post"}],"author":[{"embeddable":true,"href":"https:\/\/copterweb.de\/wordpress\/wp-json\/wp\/v2\/users\/1"}],"replies":[{"embeddable":true,"href":"https:\/\/copterweb.de\/wordpress\/wp-json\/wp\/v2\/comments?post=312"}],"version-history":[{"count":1,"href":"https:\/\/copterweb.de\/wordpress\/wp-json\/wp\/v2\/posts\/312\/revisions"}],"predecessor-version":[{"id":314,"href":"https:\/\/copterweb.de\/wordpress\/wp-json\/wp\/v2\/posts\/312\/revisions\/314"}],"wp:featuredmedia":[{"embeddable":true,"href":"https:\/\/copterweb.de\/wordpress\/wp-json\/wp\/v2\/media\/313"}],"wp:attachment":[{"href":"https:\/\/copterweb.de\/wordpress\/wp-json\/wp\/v2\/media?parent=312"}],"wp:term":[{"taxonomy":"category","embeddable":true,"href":"https:\/\/copterweb.de\/wordpress\/wp-json\/wp\/v2\/categories?post=312"},{"taxonomy":"post_tag","embeddable":true,"href":"https:\/\/copterweb.de\/wordpress\/wp-json\/wp\/v2\/tags?post=312"}],"curies":[{"name":"wp","href":"https:\/\/api.w.org\/{rel}","templated":true}]}}