{"id":369,"date":"2006-04-04T18:10:31","date_gmt":"2006-04-04T16:10:31","guid":{"rendered":"http:\/\/copterweb.de\/wordpress\/?p=369"},"modified":"2010-09-14T18:11:47","modified_gmt":"2010-09-14T16:11:47","slug":"christoph-12-feiert-30-jahre-luftrettung","status":"publish","type":"post","link":"https:\/\/copterweb.de\/wordpress\/christoph-12-feiert-30-jahre-luftrettung\/","title":{"rendered":"Christoph 12 fei\u00adert 30 Jahre Luftrettung"},"content":{"rendered":"<p>Am 1.Juni konn\u00adte man in Eutin auf 30 ver\u00adgan\u00adge\u00adne Jahre zur\u00fcck\u00adbli\u00adcken, in denen man mehr als 27.600 Eins\u00e4tze flog.<!--more-->Zu mehr als ins\u00adge\u00adsamt 27.600 Eins\u00e4tzen wur\u00adde der in Eutin sta\u00adtio\u00adnier\u00adte Zivilschutzhubschrauber<br> \u201eChristoph 12\u201d in den letz\u00adten 30 Jahren geru\u00adfen.<br> Am 1.Juni 1976 hat der dama\u00adli\u00adge Bundesinnenminister Prof.Dr.Maihofer die Station in Betrieb genom\u00admen.<\/p>\n<p>Im Einsatzradius von \u201eChristoph 12\u201d lie\u00adgen heu\u00adte die St\u00e4dte Kiel, Neum\u00fcnster, L\u00fcbeck, aber auch die Seen der Holsteinischen Schweiz sowie Teile der Ostsee.<\/p>\n<p>Vor der Wiedervereinigung konn\u00adten eini\u00adge Einsatzorte, wie z.B. Grevensm\u00fchlen (<span class=\"caps\">MVP<\/span>), wegen der inner\u00addeut\u00adschen Grenze nicht ange\u00adflo\u00adgen wer\u00adden. Der ers\u00adte Flug in die <span class=\"caps\">DDR<\/span> ging damals nach Greifswald, um eine schwer\u00adkran\u00adke Patientin zu holen.<\/p>\n<p>Seit 1979 kommt an der Station der Hubschraubertyp Bell 212 zum Einsatz. Zuvor flog man mit einer <span class=\"caps\">BO105<\/span> von Eutin aus.<br> Das medi\u00adzi\u00adni\u00adsche Personal in Eutin wird von ver\u00adschie\u00adde\u00adnen Hilfsorganisationen und Krankenh\u00e4usern des Stationierungsortes gestellt. Die Fliegerische Komponente wird von der Bundespolizei gestellt.<\/p>\n<p><a href=\"http:\/\/copterweb.de\/wordpress\/wp-content\/uploads\/2010\/09\/040606.jpg\"><img loading=\"lazy\" decoding=\"async\" class=\"aligncenter size-medium wp-image-370\" title=\"040606\" src=\"https:\/\/copterweb.de\/wordpress\/wp-content\/uploads\/2010\/09\/040606-300x150.jpg\" alt width=\"300\" height=\"150\" srcset=\"https:\/\/copterweb.de\/wordpress\/wp-content\/uploads\/2010\/09\/040606-300x150.jpg 300w, https:\/\/copterweb.de\/wordpress\/wp-content\/uploads\/2010\/09\/040606.jpg 500w\" sizes=\"(max-width: 300px) 100vw, 300px\"><\/a>Artikel, Bild: Julian L\u00f6he<\/p>\n","protected":false},"excerpt":{"rendered":"<p>Am 1.Juni konn\u00adte man in Eutin auf 30 ver\u00adgan\u00adge\u00adne Jahre zur\u00fcck\u00adbli\u00adcken, in denen man mehr als 27.600 Eins\u00e4tze flog.<\/p>\n","protected":false},"author":1,"featured_media":370,"comment_status":"closed","ping_status":"open","sticky":false,"template":"","format":"standard","meta":{"ngg_post_thumbnail":0,"footnotes":""},"categories":[1],"tags":[],"_links":{"self":[{"href":"https:\/\/copterweb.de\/wordpress\/wp-json\/wp\/v2\/posts\/369"}],"collection":[{"href":"https:\/\/copterweb.de\/wordpress\/wp-json\/wp\/v2\/posts"}],"about":[{"href":"https:\/\/copterweb.de\/wordpress\/wp-json\/wp\/v2\/types\/post"}],"author":[{"embeddable":true,"href":"https:\/\/copterweb.de\/wordpress\/wp-json\/wp\/v2\/users\/1"}],"replies":[{"embeddable":true,"href":"https:\/\/copterweb.de\/wordpress\/wp-json\/wp\/v2\/comments?post=369"}],"version-history":[{"count":1,"href":"https:\/\/copterweb.de\/wordpress\/wp-json\/wp\/v2\/posts\/369\/revisions"}],"predecessor-version":[{"id":371,"href":"https:\/\/copterweb.de\/wordpress\/wp-json\/wp\/v2\/posts\/369\/revisions\/371"}],"wp:featuredmedia":[{"embeddable":true,"href":"https:\/\/copterweb.de\/wordpress\/wp-json\/wp\/v2\/media\/370"}],"wp:attachment":[{"href":"https:\/\/copterweb.de\/wordpress\/wp-json\/wp\/v2\/media?parent=369"}],"wp:term":[{"taxonomy":"category","embeddable":true,"href":"https:\/\/copterweb.de\/wordpress\/wp-json\/wp\/v2\/categories?post=369"},{"taxonomy":"post_tag","embeddable":true,"href":"https:\/\/copterweb.de\/wordpress\/wp-json\/wp\/v2\/tags?post=369"}],"curies":[{"name":"wp","href":"https:\/\/api.w.org\/{rel}","templated":true}]}}