{"id":401,"date":"2006-08-07T18:28:10","date_gmt":"2006-08-07T16:28:10","guid":{"rendered":"http:\/\/copterweb.de\/wordpress\/?p=401"},"modified":"2010-09-14T18:29:40","modified_gmt":"2010-09-14T16:29:40","slug":"forderverein-veroffentlicht-kalender-fur-2007","status":"publish","type":"post","link":"https:\/\/copterweb.de\/wordpress\/forderverein-veroffentlicht-kalender-fur-2007\/","title":{"rendered":"F\u00f6rderverein ver\u00ad\u00f6f\u00adfent\u00adlicht Kalender f\u00fcr 2007"},"content":{"rendered":"<p>Der F\u00f6rderverein des Kasseler Rettungshubschrauber \u201eChristoph 7\u201d bie\u00adtet f\u00fcr das kom\u00admen\u00adde Jahr wie\u00adder einen Kalender an, der zw\u00f6lf Motive aller zw\u00f6lf Luftrettungsstationen des <span class=\"caps\">BMI<\/span> zeigt.<!--more-->Der Kalender wird als Monatskalender ange\u00adbo\u00adten und beinhal\u00adtet pro Station, die vom Bundesministerium des Innern (<span class=\"caps\">BMI<\/span>) betrie\u00adben wird, jeweils ein Foto.<br> In <span class=\"caps\">DIN<\/span> <span class=\"caps\">A3<\/span> Gr\u00f6\u00dfe wird der Kalender aus\u00adge\u00adlegt sein und kos\u00adtet 9,50 Euro plus Versand\/Verpackung. Ab Mitte September soll er zur Auslieferung zur Verf\u00fcgung ste\u00adhen.<\/p>\n<p>Voraussichtlich soll der Kalender mit einem Vorwort des obe\u00adren Dienstherrn, Innenminister Wiolfgang Sch\u00e4uble, er\u00f6ff\u00adnet wer\u00adden und eine \u00dcbersicht \u00fcber die zw\u00f6lf Luftrettungsstationen sowie eine Aufstellung der Fotografen beinhal\u00adten.<\/p>\n<p>Interessenten k\u00f6n\u00adnen sich jetzt schon via E-Mail vor\u00admer\u00adken las\u00adsen: <a href=\"mailto:\">christoph7-kassel@gmx.de<\/a><\/p>\n<p><a href=\"http:\/\/copterweb.de\/wordpress\/wp-content\/uploads\/2010\/09\/070806_500.jpg\"><img loading=\"lazy\" decoding=\"async\" class=\"aligncenter size-full wp-image-402\" title=\"070806_500\" src=\"https:\/\/copterweb.de\/wordpress\/wp-content\/uploads\/2010\/09\/070806_500.jpg\" alt width=\"499\" height=\"353\" srcset=\"https:\/\/copterweb.de\/wordpress\/wp-content\/uploads\/2010\/09\/070806_500.jpg 499w, https:\/\/copterweb.de\/wordpress\/wp-content\/uploads\/2010\/09\/070806_500-300x212.jpg 300w\" sizes=\"(max-width: 499px) 100vw, 499px\"><\/a>Artikel: Julian L\u00f6he<\/p>\n","protected":false},"excerpt":{"rendered":"<p>Der F\u00f6rderverein des Kasseler Rettungshubschrauber \u201eChristoph 7\u201d bie\u00adtet f\u00fcr das kom\u00admen\u00adde Jahr wie\u00adder einen Kalender an, der zw\u00f6lf Motive aller zw\u00f6lf Luftrettungsstationen des <span class=\"caps\">BMI<\/span> zeigt.<\/p>\n","protected":false},"author":1,"featured_media":402,"comment_status":"closed","ping_status":"open","sticky":false,"template":"","format":"standard","meta":{"ngg_post_thumbnail":0,"footnotes":""},"categories":[16],"tags":[],"_links":{"self":[{"href":"https:\/\/copterweb.de\/wordpress\/wp-json\/wp\/v2\/posts\/401"}],"collection":[{"href":"https:\/\/copterweb.de\/wordpress\/wp-json\/wp\/v2\/posts"}],"about":[{"href":"https:\/\/copterweb.de\/wordpress\/wp-json\/wp\/v2\/types\/post"}],"author":[{"embeddable":true,"href":"https:\/\/copterweb.de\/wordpress\/wp-json\/wp\/v2\/users\/1"}],"replies":[{"embeddable":true,"href":"https:\/\/copterweb.de\/wordpress\/wp-json\/wp\/v2\/comments?post=401"}],"version-history":[{"count":1,"href":"https:\/\/copterweb.de\/wordpress\/wp-json\/wp\/v2\/posts\/401\/revisions"}],"predecessor-version":[{"id":403,"href":"https:\/\/copterweb.de\/wordpress\/wp-json\/wp\/v2\/posts\/401\/revisions\/403"}],"wp:featuredmedia":[{"embeddable":true,"href":"https:\/\/copterweb.de\/wordpress\/wp-json\/wp\/v2\/media\/402"}],"wp:attachment":[{"href":"https:\/\/copterweb.de\/wordpress\/wp-json\/wp\/v2\/media?parent=401"}],"wp:term":[{"taxonomy":"category","embeddable":true,"href":"https:\/\/copterweb.de\/wordpress\/wp-json\/wp\/v2\/categories?post=401"},{"taxonomy":"post_tag","embeddable":true,"href":"https:\/\/copterweb.de\/wordpress\/wp-json\/wp\/v2\/tags?post=401"}],"curies":[{"name":"wp","href":"https:\/\/api.w.org\/{rel}","templated":true}]}}