{"id":404,"date":"2006-08-09T18:29:54","date_gmt":"2006-08-09T16:29:54","guid":{"rendered":"http:\/\/copterweb.de\/wordpress\/?p=404"},"modified":"2010-09-14T18:31:03","modified_gmt":"2010-09-14T16:31:03","slug":"personeller-wechsel-in-dortmund","status":"publish","type":"post","link":"https:\/\/copterweb.de\/wordpress\/personeller-wechsel-in-dortmund\/","title":{"rendered":"Personeller Wechsel in Dortmund"},"content":{"rendered":"<p>Bei dem in Dortmund sta\u00adtio\u00adnier\u00adten <span class=\"caps\">ITH<\/span> aus dem Team <span class=\"caps\">DRF<\/span> hat es Anfang August einen Wechsel in der medi\u00adzi\u00adni\u00adschen F\u00fchrung gege\u00adben. Seitdem \u00fcber\u00adnimmt Dr. Christian M\u00fcller die medi\u00adzi\u00adni\u00adsche Verantwortung.<!--more-->Unter neu\u00ader medi\u00adzi\u00adni\u00adscher Verantwortung star\u00adtet seit Anfang August Florian Unna 0\/84\/01 zu sei\u00adnen lebens\u00adret\u00adten\u00adden Intensivverlegungen vom Dortmunder Flughafen.<\/p>\n<p>Der ehe\u00adma\u00adli\u00adge lei\u00adten\u00adde Notarzt Dr. Hans Lemke ist auf\u00adgrund sei\u00adner viel\u00adf\u00e4l\u00adti\u00adgen Aufgaben als \u00e4rzt\u00adli\u00adcher Leiter in Dortmund aus\u00adge\u00adschie\u00adden. Seitdem \u00fcber\u00adnimmt Dr. Christian M\u00fcller, Facharzt f\u00fcr Innere Medizin, sei\u00adne Aufgabe und ver\u00adfolgt das Ziel die Einsatzf\u00e4higkeit der \u201eflie\u00adgen\u00adden Intensivstation\u201d durch Personalschulungen, ori\u00aden\u00adtiert am moderns\u00adten medi\u00adzi\u00adni\u00adschen Wissensstand, wei\u00adter zu erh\u00f6\u00adhen. Lemke fliegt selbst schon meh\u00adre\u00adre Jahre auf dem \u201e<span class=\"caps\">ITH<\/span> Dortmund\u201d und ist nun f\u00fcr ein \u00c4rzteteam aus den Regionen Dortmund, Essen und Bochum zust\u00e4n\u00addig.<\/p>\n<p>Auch in der Leitung der Rettungsassistenten gab es eine Umstrukturierung. Seither ist Patrick Postelt von der Dortmunder Berufsfeuerwehr neu\u00ader lei\u00adten\u00adder Rettungsassistent.<\/p>\n<p><a href=\"http:\/\/copterweb.de\/wordpress\/wp-content\/uploads\/2010\/09\/090806_500.jpg\"><img loading=\"lazy\" decoding=\"async\" class=\"aligncenter size-full wp-image-405\" title=\"090806_500\" src=\"https:\/\/copterweb.de\/wordpress\/wp-content\/uploads\/2010\/09\/090806_500.jpg\" alt width=\"500\" height=\"375\" srcset=\"https:\/\/copterweb.de\/wordpress\/wp-content\/uploads\/2010\/09\/090806_500.jpg 500w, https:\/\/copterweb.de\/wordpress\/wp-content\/uploads\/2010\/09\/090806_500-300x225.jpg 300w\" sizes=\"(max-width: 500px) 100vw, 500px\"><\/a><\/p>\n<p>Artikel: Julian L\u00f6he, DRF-Pressemitteilung<br> Fotos: Team <span class=\"caps\">DRF<\/span><\/p>\n","protected":false},"excerpt":{"rendered":"<p>Bei dem in Dortmund sta\u00adtio\u00adnier\u00adten <span class=\"caps\">ITH<\/span> aus dem Team <span class=\"caps\">DRF<\/span> hat es Anfang August einen Wechsel in der medi\u00adzi\u00adni\u00adschen F\u00fchrung gege\u00adben. Seitdem \u00fcber\u00adnimmt Dr. Christian M\u00fcller die medi\u00adzi\u00adni\u00adsche Verantwortung.<\/p>\n","protected":false},"author":1,"featured_media":405,"comment_status":"closed","ping_status":"open","sticky":false,"template":"","format":"standard","meta":{"ngg_post_thumbnail":0,"footnotes":""},"categories":[16],"tags":[],"_links":{"self":[{"href":"https:\/\/copterweb.de\/wordpress\/wp-json\/wp\/v2\/posts\/404"}],"collection":[{"href":"https:\/\/copterweb.de\/wordpress\/wp-json\/wp\/v2\/posts"}],"about":[{"href":"https:\/\/copterweb.de\/wordpress\/wp-json\/wp\/v2\/types\/post"}],"author":[{"embeddable":true,"href":"https:\/\/copterweb.de\/wordpress\/wp-json\/wp\/v2\/users\/1"}],"replies":[{"embeddable":true,"href":"https:\/\/copterweb.de\/wordpress\/wp-json\/wp\/v2\/comments?post=404"}],"version-history":[{"count":1,"href":"https:\/\/copterweb.de\/wordpress\/wp-json\/wp\/v2\/posts\/404\/revisions"}],"predecessor-version":[{"id":406,"href":"https:\/\/copterweb.de\/wordpress\/wp-json\/wp\/v2\/posts\/404\/revisions\/406"}],"wp:featuredmedia":[{"embeddable":true,"href":"https:\/\/copterweb.de\/wordpress\/wp-json\/wp\/v2\/media\/405"}],"wp:attachment":[{"href":"https:\/\/copterweb.de\/wordpress\/wp-json\/wp\/v2\/media?parent=404"}],"wp:term":[{"taxonomy":"category","embeddable":true,"href":"https:\/\/copterweb.de\/wordpress\/wp-json\/wp\/v2\/categories?post=404"},{"taxonomy":"post_tag","embeddable":true,"href":"https:\/\/copterweb.de\/wordpress\/wp-json\/wp\/v2\/tags?post=404"}],"curies":[{"name":"wp","href":"https:\/\/api.w.org\/{rel}","templated":true}]}}