{"id":452,"date":"2006-12-23T15:16:50","date_gmt":"2006-12-23T14:16:50","guid":{"rendered":"http:\/\/copterweb.de\/wordpress\/?p=452"},"modified":"2010-09-17T15:19:27","modified_gmt":"2010-09-17T13:19:27","slug":"35-jahre-christoph-3-ohne-feierlichkeit","status":"publish","type":"post","link":"https:\/\/copterweb.de\/wordpress\/35-jahre-christoph-3-ohne-feierlichkeit\/","title":{"rendered":"35 Jahre \u201eChristoph 3\u201d\u2009\u2014\u2009Ohne Feierlichkeit"},"content":{"rendered":"<p>21.12.2006\u2009\u2014\u200935j\u00e4hriges Jubil\u00e4um bei \u201eChristoph 3\u201d in K\u00f6ln. Feierlichkeiten blie\u00adben lei\u00adder aus.<!--more-->\u201eChristoph 3\u201d wur\u00adde als ers\u00adter Zivilschutzhubschrauber vom Bundesministerium des Innern finan\u00adziert und dien\u00adte als Projektversuch. Diese Erststationierung am 21.12.1971&nbsp;in Leverkusen ist nun schon 35 Jahre. Von Beginn an wur\u00adden die <span class=\"caps\">HEMS<\/span> <span class=\"caps\">CREW<\/span> Member \u00fcber 30 Jahre lang vom Malteser Hilfsdienst gestellt. Heute steht ein Pool von 15 Rettungsassistenten zur Verf\u00fcgung, der von allen Hilfsorganisationen sowie von der Berufsfeuerwehr K\u00f6ln gestellt wer\u00adden. Auch der Intensivtransporthubschrauber \u201eChristoph Rheinland\u201d wird von die\u00adsen Rettungsassistenten besetzt.<\/p>\n<p><span class=\"dquo\">\u201e<\/span>Christoph 3\u201d z\u00e4hlt zu den Rettungshubschraubern in der Bundesrepublik, die durch\u00adschnitt\u00adlich \u00fcber 1000 Eins\u00e4tze im Jahr flie\u00adgen. Der Hubschrauber wird sehr stark im K\u00f6lner Stadtgebiet ein\u00adge\u00adsetzt, aber auch in<br> Rheinland-Pfalz wer\u00adden Eins\u00e4tze geflo\u00adgen. Im Laufe der letz\u00adten Jahre wur\u00adden chir\u00adur\u00adgi\u00adsche Notf\u00e4lle immer weni\u00adger, daf\u00fcr nah\u00admen aber die Eins\u00e4tze im inter\u00adnis\u00adti\u00adschen Bereich zu.<\/p>\n<p>Im n\u00e4chs\u00adten Jahr ist der Neubau einer Station als Doppelstandort f\u00fcr \u201eChristoph 3\u201d und \u201eChristoph Rheinland\u201d auf dem Kalkberg geplant. Hierzu lie\u00adgen zur Zeit kei\u00adne aktu\u00adel\u00adlen Informationen vor. Des Weiteren soll Mitte 2007 ein neu\u00ader Zivilschutzhubschrauber vom Typ <span class=\"caps\">EC135<\/span> T2i zum Einsatz kom\u00admen, der von Piloten der Bundespolizei-Fliegerstaffel West geflo\u00adgen wird.<\/p>\n<p>Vielleicht bie\u00adtet der Umzug an die neue Station M\u00f6glichkeit das Jubil\u00e4um ange\u00admes\u00adsen zu w\u00fcr\u00addi\u00adgen.<\/p>\n<div id=\"attachment_453\" style=\"width: 310px\" class=\"wp-caption aligncenter\"><a href=\"http:\/\/copterweb.de\/wordpress\/wp-content\/uploads\/2010\/09\/231206_500.jpg\"><img loading=\"lazy\" decoding=\"async\" aria-describedby=\"caption-attachment-453\" class=\"size-medium wp-image-453\" title=\"231206_500\" src=\"https:\/\/copterweb.de\/wordpress\/wp-content\/uploads\/2010\/09\/231206_500-300x225.jpg\" alt width=\"300\" height=\"225\" srcset=\"https:\/\/copterweb.de\/wordpress\/wp-content\/uploads\/2010\/09\/231206_500-300x225.jpg 300w, https:\/\/copterweb.de\/wordpress\/wp-content\/uploads\/2010\/09\/231206_500.jpg 500w\" sizes=\"(max-width: 300px) 100vw, 300px\"><\/a><p id=\"caption-attachment-453\" class=\"wp-caption-text\">Die Jubil\u00e4umscrew: Hauptkommissar Josef Heckmanns, Rettungsassistent Michael Boritzki (v.L.n.R)<\/p><\/div>\n<div id=\"attachment_454\" style=\"width: 310px\" class=\"wp-caption aligncenter\"><a href=\"http:\/\/copterweb.de\/wordpress\/wp-content\/uploads\/2010\/09\/231206_500_1.jpg\"><img loading=\"lazy\" decoding=\"async\" aria-describedby=\"caption-attachment-454\" class=\"size-medium wp-image-454\" title=\"231206_500_1\" src=\"https:\/\/copterweb.de\/wordpress\/wp-content\/uploads\/2010\/09\/231206_500_1-300x225.jpg\" alt width=\"300\" height=\"225\" srcset=\"https:\/\/copterweb.de\/wordpress\/wp-content\/uploads\/2010\/09\/231206_500_1-300x225.jpg 300w, https:\/\/copterweb.de\/wordpress\/wp-content\/uploads\/2010\/09\/231206_500_1.jpg 500w\" sizes=\"(max-width: 300px) 100vw, 300px\"><\/a><p id=\"caption-attachment-454\" class=\"wp-caption-text\">Bei Bedarf stellt die Bundespolizei-Fliegerstaffel West den Flugbetrieb mit einer <span class=\"caps\">EC135<\/span> <span class=\"caps\">T2<\/span> sicher. <\/p><\/div>\n<p>Artikel: Julian L\u00f6he<br> Foto: Daniel Mosch, Julian L\u00f6he<\/p>\n","protected":false},"excerpt":{"rendered":"<p>21.12.2006\u2009\u2014\u200935j\u00e4hriges Jubil\u00e4um bei \u201eChristoph 3\u201d in K\u00f6ln. Feierlichkeiten blie\u00adben lei\u00adder aus.<\/p>\n","protected":false},"author":1,"featured_media":453,"comment_status":"closed","ping_status":"open","sticky":false,"template":"","format":"standard","meta":{"ngg_post_thumbnail":0,"footnotes":""},"categories":[16],"tags":[],"_links":{"self":[{"href":"https:\/\/copterweb.de\/wordpress\/wp-json\/wp\/v2\/posts\/452"}],"collection":[{"href":"https:\/\/copterweb.de\/wordpress\/wp-json\/wp\/v2\/posts"}],"about":[{"href":"https:\/\/copterweb.de\/wordpress\/wp-json\/wp\/v2\/types\/post"}],"author":[{"embeddable":true,"href":"https:\/\/copterweb.de\/wordpress\/wp-json\/wp\/v2\/users\/1"}],"replies":[{"embeddable":true,"href":"https:\/\/copterweb.de\/wordpress\/wp-json\/wp\/v2\/comments?post=452"}],"version-history":[{"count":1,"href":"https:\/\/copterweb.de\/wordpress\/wp-json\/wp\/v2\/posts\/452\/revisions"}],"predecessor-version":[{"id":455,"href":"https:\/\/copterweb.de\/wordpress\/wp-json\/wp\/v2\/posts\/452\/revisions\/455"}],"wp:featuredmedia":[{"embeddable":true,"href":"https:\/\/copterweb.de\/wordpress\/wp-json\/wp\/v2\/media\/453"}],"wp:attachment":[{"href":"https:\/\/copterweb.de\/wordpress\/wp-json\/wp\/v2\/media?parent=452"}],"wp:term":[{"taxonomy":"category","embeddable":true,"href":"https:\/\/copterweb.de\/wordpress\/wp-json\/wp\/v2\/categories?post=452"},{"taxonomy":"post_tag","embeddable":true,"href":"https:\/\/copterweb.de\/wordpress\/wp-json\/wp\/v2\/tags?post=452"}],"curies":[{"name":"wp","href":"https:\/\/api.w.org\/{rel}","templated":true}]}}