{"id":456,"date":"2007-01-01T15:19:40","date_gmt":"2007-01-01T14:19:40","guid":{"rendered":"http:\/\/copterweb.de\/wordpress\/?p=456"},"modified":"2010-09-17T15:21:59","modified_gmt":"2010-09-17T13:21:59","slug":"christoph-rheinland-nun-auch-sieben-tage-einsatzbereit","status":"publish","type":"post","link":"https:\/\/copterweb.de\/wordpress\/christoph-rheinland-nun-auch-sieben-tage-einsatzbereit\/","title":{"rendered":"<span class=\"dquo\">\u201e<\/span>Christoph Rheinland\u201d nun auch sie\u00adben Tage ein\u00adsatz\u00adbe\u00adreit"},"content":{"rendered":"<p>(01.01.2007)\u2009\u2014\u2009Seit heu\u00adte fliegt nun auch \u201eChristoph Rheinland\u201d sie\u00adben Tage die Woche und wird als eigen\u00adst\u00e4n\u00addi\u00adge Station inner\u00adhalb des <span class=\"caps\">ADAC<\/span> gef\u00fchrt.<!--more--><strong>K\u00f6ln (01.01.2007)<\/strong><br> Seit dem 01.01.2007 ist nun auch der auf dem Konrad-Adenauer Flughafen in K\u00f6ln sta\u00adtio\u00adnier\u00adte Intensivtransporthubschrauber (<span class=\"caps\">ITH<\/span>) \u201eChristoph Rheinland\u201d sie\u00adben Tage ein\u00adsatz\u00adbe\u00adreit.<\/p>\n<p>Bisher konn\u00adten die Besatzung und die Maschine nur von Montag bis Freitag zu Eins\u00e4tzen alar\u00admiert wer\u00adden. An Wochenenden und Feiertagen war \u201eChristoph Rheinland\u201d bis\u00adher nicht ein\u00adsatz\u00adbe\u00adreit. Von 8&nbsp;Uhr bis Sunset, oder maxi\u00admal 20 Uhr, kann der <span class=\"caps\">ITH<\/span> nun durch die Berufsfeuerwehr K\u00f6ln alar\u00admiert wer\u00adden. Seit Jahresbeginn setzt der <span class=\"caps\">ADAC<\/span>, wie auch an ande\u00adren Stationen, m\u00f6g\u00adlichst die glei\u00adchen Piloten ein.<\/p>\n<p>Bereits am Neujahrstag flog der \u201eChristoph Rheinland\u201d drei Eins\u00e4tze, dar\u00adun\u00adter einen Intensivtransport sowie zwei Prim\u00e4reins\u00e4tze im K\u00f6lner Stadtgebiet.<\/p>\n<div id=\"attachment_457\" style=\"width: 310px\" class=\"wp-caption aligncenter\"><a href=\"http:\/\/copterweb.de\/wordpress\/wp-content\/uploads\/2010\/09\/010107_500.jpg\"><img loading=\"lazy\" decoding=\"async\" aria-describedby=\"caption-attachment-457\" class=\"size-medium wp-image-457\" title=\"010107_500\" src=\"https:\/\/copterweb.de\/wordpress\/wp-content\/uploads\/2010\/09\/010107_500-300x199.jpg\" alt width=\"300\" height=\"199\" srcset=\"https:\/\/copterweb.de\/wordpress\/wp-content\/uploads\/2010\/09\/010107_500-300x199.jpg 300w, https:\/\/copterweb.de\/wordpress\/wp-content\/uploads\/2010\/09\/010107_500.jpg 500w\" sizes=\"(max-width: 300px) 100vw, 300px\"><\/a><p id=\"caption-attachment-457\" class=\"wp-caption-text\">Archivfoto: Dringlicher Verlegungsflug vom Krankenhaus Waldbr\u00f6l zum Klinikum K\u00f6ln-Merheim.<\/p><\/div>\n<div id=\"attachment_458\" style=\"width: 310px\" class=\"wp-caption aligncenter\"><a href=\"http:\/\/copterweb.de\/wordpress\/wp-content\/uploads\/2010\/09\/010107_500_1.jpg\"><img loading=\"lazy\" decoding=\"async\" aria-describedby=\"caption-attachment-458\" class=\"size-medium wp-image-458\" title=\"010107_500_1\" src=\"https:\/\/copterweb.de\/wordpress\/wp-content\/uploads\/2010\/09\/010107_500_1-300x199.jpg\" alt width=\"300\" height=\"199\" srcset=\"https:\/\/copterweb.de\/wordpress\/wp-content\/uploads\/2010\/09\/010107_500_1-300x199.jpg 300w, https:\/\/copterweb.de\/wordpress\/wp-content\/uploads\/2010\/09\/010107_500_1.jpg 500w\" sizes=\"(max-width: 300px) 100vw, 300px\"><\/a><p id=\"caption-attachment-458\" class=\"wp-caption-text\">Archivfoto: Dringlicher Verlegungsflug vom Krankenhaus Waldbr\u00f6l zum Klinikum K\u00f6ln-Merheim.<\/p><\/div>\n<p>Artikel, Fotos: Julian L\u00f6he<\/p>\n","protected":false},"excerpt":{"rendered":"<p>(01.01.2007)\u2009\u2014\u2009Seit heu\u00adte fliegt nun auch \u201eChristoph Rheinland\u201d sie\u00adben Tage die Woche und wird als eigen\u00adst\u00e4n\u00addi\u00adge Station inner\u00adhalb des <span class=\"caps\">ADAC<\/span> gef\u00fchrt.<\/p>\n","protected":false},"author":1,"featured_media":457,"comment_status":"closed","ping_status":"open","sticky":false,"template":"","format":"standard","meta":{"ngg_post_thumbnail":0,"footnotes":""},"categories":[16],"tags":[],"_links":{"self":[{"href":"https:\/\/copterweb.de\/wordpress\/wp-json\/wp\/v2\/posts\/456"}],"collection":[{"href":"https:\/\/copterweb.de\/wordpress\/wp-json\/wp\/v2\/posts"}],"about":[{"href":"https:\/\/copterweb.de\/wordpress\/wp-json\/wp\/v2\/types\/post"}],"author":[{"embeddable":true,"href":"https:\/\/copterweb.de\/wordpress\/wp-json\/wp\/v2\/users\/1"}],"replies":[{"embeddable":true,"href":"https:\/\/copterweb.de\/wordpress\/wp-json\/wp\/v2\/comments?post=456"}],"version-history":[{"count":1,"href":"https:\/\/copterweb.de\/wordpress\/wp-json\/wp\/v2\/posts\/456\/revisions"}],"predecessor-version":[{"id":459,"href":"https:\/\/copterweb.de\/wordpress\/wp-json\/wp\/v2\/posts\/456\/revisions\/459"}],"wp:featuredmedia":[{"embeddable":true,"href":"https:\/\/copterweb.de\/wordpress\/wp-json\/wp\/v2\/media\/457"}],"wp:attachment":[{"href":"https:\/\/copterweb.de\/wordpress\/wp-json\/wp\/v2\/media?parent=456"}],"wp:term":[{"taxonomy":"category","embeddable":true,"href":"https:\/\/copterweb.de\/wordpress\/wp-json\/wp\/v2\/categories?post=456"},{"taxonomy":"post_tag","embeddable":true,"href":"https:\/\/copterweb.de\/wordpress\/wp-json\/wp\/v2\/tags?post=456"}],"curies":[{"name":"wp","href":"https:\/\/api.w.org\/{rel}","templated":true}]}}