{"id":5654,"date":"2013-05-25T20:21:32","date_gmt":"2013-05-25T18:21:32","guid":{"rendered":"http:\/\/copterweb.de\/wordpress\/?p=5654"},"modified":"2013-05-26T10:33:51","modified_gmt":"2013-05-26T08:33:51","slug":"richtfest-bei-der-bundespolizei-fliegerstaffel-oberschleisheim","status":"publish","type":"post","link":"https:\/\/copterweb.de\/wordpress\/richtfest-bei-der-bundespolizei-fliegerstaffel-oberschleisheim\/","title":{"rendered":"Richtfest bei der Bundespolizei-Fliegerstaffel Oberschlei\u00dfheim"},"content":{"rendered":"<p style=\"text-align: justify;\"><span style=\"font-size: 16px;\"><a href=\"http:\/\/copterweb.de\/wordpress\/wp-content\/uploads\/2013\/05\/Neubau_495.jpg\"><img loading=\"lazy\" decoding=\"async\" class=\"alignleft size-full wp-image-5655\" title=\"Neubau_240\" src=\"https:\/\/copterweb.de\/wordpress\/wp-content\/uploads\/2013\/05\/Neubau_240.jpg\" alt width=\"240\" height=\"160\"><\/a>Bundesinnenminister Dr. Hans Peter Friedrich, Bundesbauminister Dr. Peter Ramsauer und Bayerns Innenminister Joachim Herrmann w\u00fcr\u00addig\u00adten am 24. Mai 2013 beim Richtfest des neu\u00aden Hauptgeb\u00e4udes auf dem Gel\u00e4nde der Bundespolizei-Fliegerstaffel in Oberschlei\u00dfheim die bei\u00adspiel\u00adhaf\u00adte Kooperation der Hubschrauberstaffeln von Bund und Land.<!--more--><\/span><\/p>\n<p style=\"text-align: justify;\">Ein gro\u00df\u00adar\u00adti\u00adges Aush\u00e4ngeschild f\u00fcr die Zusammenarbeit der Hubschrauberstaffeln der Polizei in Bund und Land wird in den Augen von Bundesinnenminister Dr. Hans Peter Friedrich und Bayerns Staatsminister des Innern Joachim Herrmann der neue Hubschrauberlandeplatz in Oberschlei\u00dfheim. Beim Richtfest f\u00fcr das neue Geb\u00e4ude der Bundespolizei-Fliegerstaffel beton\u00adten die bei\u00adden Innenminister die gro\u00ad\u00dfe Bedeutung der Staffeln als wich\u00adti\u00adge S\u00e4ulen im baye\u00adri\u00adschen Sicherheitskonzept. Bundesbauminister Dr. Peter Ramsauer erg\u00e4nz\u00adte: \u201eMit dem Richtfest f\u00fcr das Hauptgeb\u00e4ude fei\u00adern wir heu\u00adte einen wich\u00adti\u00adgen Meilenstein: St\u00fcck f\u00fcr St\u00fcck kom\u00admen wir damit der Fertigstellung die\u00adses wich\u00adti\u00adgen Infrastrukturprojektes n\u00e4her. Die Polizeibeamten wer\u00adden die neue Raumqualit\u00e4t und die tol\u00adle tech\u00adni\u00adsche Ausstattung zu sch\u00e4t\u00adzen wis\u00adsen.\u201d<\/p>\n<div id=\"attachment_5693\" style=\"width: 250px\" class=\"wp-caption alignleft\"><a href=\"http:\/\/copterweb.de\/wordpress\/wp-content\/uploads\/2013\/05\/554_5426_1200.jpg\"><img loading=\"lazy\" decoding=\"async\" aria-describedby=\"caption-attachment-5693\" class=\"size-full wp-image-5693\" title=\"554_5426_240\" src=\"https:\/\/copterweb.de\/wordpress\/wp-content\/uploads\/2013\/05\/554_5426_240.jpg\" alt width=\"240\" height=\"160\"><\/a><p id=\"caption-attachment-5693\" class=\"wp-caption-text\">\u00a9 Franz Mayer<\/p><\/div>\n<p style=\"text-align: justify;\">Wie Bundesinnenminister Friedrich beton\u00adte, erhal\u00adte die Staffel der Bundespolizei an einem his\u00adto\u00adri\u00adschen Ort ein dau\u00ader\u00adhaf\u00adtes Zuhause, das moderns\u00adten Anforderungen gerecht wird. Insbesondere hob er her\u00advor, dass die Bundespolizei in Oberschlei\u00dfheim ein \u00e4u\u00dferst wich\u00adti\u00adger und bew\u00e4hr\u00adter Partner des Rettungsdienstes und des Katastrophenschutzes in Bayern sei. Mit Blick auf die wei\u00adte\u00adre Vertiefung der Zusammenarbeit sag\u00adte der Bundesinnenminister: \u201eBald wird es ein gemein\u00adsa\u00admer Standort mit den baye\u00adri\u00adschen Hubschrauber-Piloten, die ankn\u00fcpft an eine erfolg\u00adrei\u00adche Zusammenarbeit schon in der Vergangenheit.\u201d<\/p>\n<div id=\"attachment_5695\" style=\"width: 250px\" class=\"wp-caption alignright\"><a href=\"http:\/\/copterweb.de\/wordpress\/wp-content\/uploads\/2013\/05\/554_5451_1200.jpg\"><img loading=\"lazy\" decoding=\"async\" aria-describedby=\"caption-attachment-5695\" class=\"size-full wp-image-5695\" title=\"554_5451_240\" src=\"https:\/\/copterweb.de\/wordpress\/wp-content\/uploads\/2013\/05\/554_5451_240.jpg\" alt width=\"240\" height=\"160\"><\/a><p id=\"caption-attachment-5695\" class=\"wp-caption-text\">\u00a9 Franz Mayer<\/p><\/div>\n<p style=\"text-align: justify;\">Bayerns Innenminister Herrmann erg\u00e4nz\u00adte, der Umzug der baye\u00adri\u00adschen Hubschrauberstaffel vom bis\u00adhe\u00adri\u00adgen Standort am Flughafen M\u00fcnchen nach Oberschlei\u00dfheim sei des\u00adhalb not\u00adwen\u00addig, weil sich die Polizeihubschrauber und die all\u00adge\u00admei\u00adne Luftfahrt immer wie\u00adder gegen\u00adsei\u00adtig behin\u00addern. \u201eWir brau\u00adchen eine jeder\u00adzeit ein\u00adsatz\u00adbe\u00adrei\u00adte Polizeihubschrauberstaffel zur Verfolgung von Straft\u00e4tern, zur Aufkl\u00e4rung von Straftaten, bei der Suche nach Vermissten sowie im Rettungsdienst und Katastrophenschutz, bei Waldbr\u00e4nden oder Lawinenabg\u00e4ngen.\u201d Das Ministerium habe des\u00adhalb die Hubschrauberstaffel der baye\u00adri\u00adschen Polizei in den letz\u00adten Jahren mit acht neu\u00aden Hubschraubern moderns\u00adter Bauart aus\u00adge\u00adstat\u00adtet.<\/p>\n<div id=\"attachment_5659\" style=\"width: 250px\" class=\"wp-caption alignleft\"><a href=\"http:\/\/copterweb.de\/wordpress\/wp-content\/uploads\/2013\/05\/P1000544_1200.jpg\"><img loading=\"lazy\" decoding=\"async\" aria-describedby=\"caption-attachment-5659\" class=\"size-full wp-image-5659  \" title=\"P1000544_240\" src=\"https:\/\/copterweb.de\/wordpress\/wp-content\/uploads\/2013\/05\/P1000544_240.jpg\" alt width=\"240\" height=\"180\"><\/a><p id=\"caption-attachment-5659\" class=\"wp-caption-text\"><span class=\"caps\">EC155<\/span> der Bundespolizei-Fliegerstaffel Oberschlei\u00dfheim beim Flugplatzfest<br>\u00a9 Ulrich Schr\u00f6er<\/p><\/div>\n<p style=\"text-align: justify;\">Der Bund errich\u00adtet der\u00adzeit am Standort der Bundespolizei-Fliegerstaffel in Oberschlei\u00dfheim f\u00fcr die dort sta\u00adtio\u00adnier\u00adten 13 Einsatzhubschrauber der Typen Superpuma <span class=\"caps\">AS332<\/span> <span class=\"caps\">L1<\/span>, <span class=\"caps\">EC155<\/span>&nbsp;B&nbsp;und <span class=\"caps\">EC135<\/span> <span class=\"caps\">T2<\/span>+&nbsp;ein neu\u00ades Staffelgeb\u00e4ude mit Vorfeld und Tankanlage.&nbsp;Damit wer\u00adden die \u00fcber 100 Jahre alten bis\u00adhe\u00adri\u00adgen his\u00adto\u00adri\u00adschen Geb\u00e4ude ersetzt. Nach dem Abriss der alten Hallen sol\u00adlen bis 2017 dann zus\u00e4tz\u00adlich die f\u00fcnf jetzt am Flughafen M\u00fcnchen sta\u00adtio\u00adnier\u00adten Hubschrauber der baye\u00adri\u00adschen Polizei vom Typ <span class=\"caps\">EC135<\/span> <span class=\"caps\">P2<\/span>+ nach Oberschlei\u00dfheim umzie\u00adhen.<\/p>\n<div id=\"attachment_5657\" style=\"width: 250px\" class=\"wp-caption alignright\"><a href=\"http:\/\/copterweb.de\/wordpress\/wp-content\/uploads\/2013\/05\/P1000263_1200.jpg\"><img loading=\"lazy\" decoding=\"async\" aria-describedby=\"caption-attachment-5657\" class=\"size-full wp-image-5657  \" title=\"P1000263_240\" src=\"https:\/\/copterweb.de\/wordpress\/wp-content\/uploads\/2013\/05\/P1000263_240.jpg\" alt width=\"240\" height=\"180\"><\/a><p id=\"caption-attachment-5657\" class=\"wp-caption-text\">Superpuma der Bundespolizei-Fliegerstaffel Oberschlei\u00dfheim beim Flugplatzfest<br>\u00a9 Ulrich Schr\u00f6er<\/p><\/div>\n<p style=\"text-align: justify;\">Verantwortlich f\u00fcr die Umsetzung der bei\u00adden Bauma\u00dfnahmen ins\u00adge\u00adsamt zeich\u00adnet das Staatliche Bauamt M\u00fcnchen 1&nbsp;und sieht sich vor beson\u00adde\u00adre Herausforderungen gestellt: Zum einen ent\u00adspre\u00adchen die bestehen\u00adden Geb\u00e4ude und Hallen nicht mehr den Erfordernissen an einen zeit\u00adge\u00adm\u00e4\u00ad\u00dfen luft\u00adfahrt\u00adtech\u00adni\u00adschen Betrieb. Zum ande\u00adren hat sich die Unterbringung der Polizeihubschrauberstaffel Bayern am Flughafen M\u00fcnchen durch den dor\u00adti\u00adgen Ausbau im Hinblick auf L\u00e4rm- und Abgasbel\u00e4stigungen und zus\u00e4tz\u00adlich aus ein\u00adsatz\u00adtak\u00adti\u00adscher und wirt\u00adschaft\u00adli\u00adcher Sicht erheb\u00adlich ver\u00adschlech\u00adtert, so dass die Verlegung des Flugbetriebes an den Standort Oberschlei\u00dfheim ange\u00adstrebt wird. Grundgedanke der Planung ist die Optimierung der tech\u00adni\u00adschen und funk\u00adtio\u00adna\u00adlen Organisation des Betriebes bei\u00adder Staffeln und die Nutzung von Synergieeffekten.<\/p>\n<p style=\"text-align: justify;\">W\u00e4hrend der Bauma\u00dfnahmen ist die Aufrechterhaltung des lau\u00adfen\u00adden Flug- und Wartungsbetriebs der auf der Liegenschaft ans\u00e4s\u00adsi\u00adgen Fliegerstaffel w\u00e4h\u00adrend der gesam\u00adten Bauzeit sicher\u00adzu\u00adstel\u00adlen. Die umge\u00adben\u00adden Fl\u00e4chen als Landschaftsschutzgebiet bzw. als Flora-Fauna-Habitat sind f\u00fcr den Natur- und Landschaftsschutzes pla\u00adne\u00adrisch zu ber\u00fcck\u00adsich\u00adti\u00adgen: Neben umfang\u00adrei\u00adchen Ma\u00dfnahmen zur Erhaltung sel\u00adte\u00adner Tier- und Pflanzenarten wird die Fl\u00e4chenversiegelung so gering wie m\u00f6g\u00adlich gehal\u00adten und durch die Neuanlage von Ausgleichsfl\u00e4chen kom\u00adpen\u00adsiert.<\/p>\n<p style=\"text-align: justify;\">Bereits Ende 2009 haben die ers\u00adten Arbeiten f\u00fcr den neu\u00aden Landeplatz und die Herstellung der natur\u00adschutz\u00adrecht\u00adli\u00adchen Ausgleichsfl\u00e4chen begon\u00adnen. Der Bauabschnitt f\u00fcr die baye\u00adri\u00adsche Hubschrauberstaffel in Oberschlei\u00dfheim wer\u00adde vor\u00adaus\u00adsicht\u00adlich im Fr\u00fchjahr 2015&nbsp;in Angriff genom\u00admen, sobald die Bauma\u00dfnahmen des Bundes abge\u00adschlos\u00adsen sind, erl\u00e4u\u00adter\u00adte Herrmann. \u201eBereits zwei Jahre sp\u00e4\u00adter sol\u00adlen dann bei\u00adde Staffeln gemein\u00adsam von die\u00adsem Flugplatz aus ope\u00adrie\u00adren\u201d, so der Minister. Bayern inves\u00adtie\u00adre daf\u00fcr rund 27 Millionen Euro.<\/p>\n<div id=\"attachment_5697\" style=\"width: 250px\" class=\"wp-caption alignleft\"><a href=\"http:\/\/copterweb.de\/wordpress\/wp-content\/uploads\/2013\/05\/IMG_5313_1200.jpg\"><img loading=\"lazy\" decoding=\"async\" aria-describedby=\"caption-attachment-5697\" class=\"size-full wp-image-5697\" title=\"IMG_5313_240\" src=\"https:\/\/copterweb.de\/wordpress\/wp-content\/uploads\/2013\/05\/IMG_5313_240.jpg\" alt width=\"240\" height=\"180\"><\/a><p id=\"caption-attachment-5697\" class=\"wp-caption-text\">\u00a9 Franz Mayer<\/p><\/div>\n<p style=\"text-align: justify;\">Die bereits jetzt schon prak\u00adti\u00adzier\u00adte Zusammenarbeit in der Ausbildung von Piloten an der Luftfahrerschule f\u00fcr den Polizeidienst in Sankt Augustin bei Bonn erf\u00e4hrt damit eine Ausdehnung auf den lau\u00adfen\u00adden Einsatzbetrieb. Nicht weg\u00adzu\u00adden\u00adken sind die Zivilschutz-Hubschrauber des Bundesministeriums des Innern (<span class=\"caps\">BMI<\/span>) Christoph 14&nbsp;in Traunstein und Christoph 17&nbsp;in Kempten, die von erfah\u00adre\u00adnen Piloten der Bundespolizei aus Oberschlei\u00dfheim geflo\u00adgen wer\u00adden und f\u00fcr deren rei\u00adbungs\u00adlo\u00adsen Flugbetrieb ins\u00adge\u00adsamt die Staffel ver\u00adant\u00adwort\u00adlich ist. Die Hubschrauber wer\u00adden in der Luftrettung des Landes ein\u00adge\u00adsetzt. An den bei\u00adden Standorten wird als beson\u00adde\u00adres Einsatzmittel das Bergetau bei bestimm\u00adten Notfalllagen ein\u00adge\u00adsetzt. In Abh\u00e4ngigkeit von flug\u00adbe\u00adtrieb\u00adli\u00adchen Planungen steht zudem ein Hubschrauber Superpuma oder <span class=\"caps\">EC155<\/span> mit Winde ein\u00adsatz\u00adbe\u00adreit, der fest in die Alarmierungspl\u00e4ne des Landes ein\u00adge\u00adbun\u00adden ist. Bei Eins\u00e4tzen in den Bergen arbei\u00adten die Besatzungen eng mit der \u00f6rt\u00adli\u00adchen Bergwacht zusam\u00admen.<\/p>\n<p style=\"text-align: justify;\">2012 blick\u00adte die Bundespolizei-Fliegerstaffel Oberschlei\u00dfheim auf 50 Jahre ihres Bestehens zur\u00fcck und nutz\u00adte die Veranstaltung zum 100j\u00e4hrigen Bestehen des Flugplatzes Oberschlei\u00dfheim, um die viel\u00adf\u00e4l\u00adti\u00adgen Aufgaben des Flugdienstes der \u00d6ffentlichkeit zu pr\u00e4\u00adsen\u00adtie\u00adren. Die eigens auf\u00adge\u00adleg\u00adte Jubil\u00e4ums-Chronik spie\u00adgelt die zur\u00fcck\u00adlie\u00adgen\u00adden Jahrzehnte in anschau\u00adli\u00adcher und ein\u00addrucks\u00advol\u00adler Weise wider.<\/p>\n<p style=\"text-align: justify;\">Ulrich Schr\u00f6er, Freier Fachjournalist, Bonn<\/p>\n","protected":false},"excerpt":{"rendered":"<p>Bundesinnenminister Dr. Hans Peter Friedrich, Bundesbauminister Dr. Peter Ramsauer und Bayerns Innenminister Joachim Herrmann w\u00fcr\u00addig\u00adten am 24. Mai 2013 beim Richtfest des neu\u00aden Hauptgeb\u00e4udes auf dem Gel\u00e4nde der Bundespolizei-Fliegerstaffel in Oberschlei\u00dfheim die bei\u00adspiel\u00adhaf\u00adte Kooperation der Hubschrauberstaffeln von Bund und Land.<\/p>\n","protected":false},"author":7,"featured_media":0,"comment_status":"closed","ping_status":"open","sticky":false,"template":"","format":"standard","meta":{"ngg_post_thumbnail":0,"footnotes":""},"categories":[6],"tags":[],"_links":{"self":[{"href":"https:\/\/copterweb.de\/wordpress\/wp-json\/wp\/v2\/posts\/5654"}],"collection":[{"href":"https:\/\/copterweb.de\/wordpress\/wp-json\/wp\/v2\/posts"}],"about":[{"href":"https:\/\/copterweb.de\/wordpress\/wp-json\/wp\/v2\/types\/post"}],"author":[{"embeddable":true,"href":"https:\/\/copterweb.de\/wordpress\/wp-json\/wp\/v2\/users\/7"}],"replies":[{"embeddable":true,"href":"https:\/\/copterweb.de\/wordpress\/wp-json\/wp\/v2\/comments?post=5654"}],"version-history":[{"count":8,"href":"https:\/\/copterweb.de\/wordpress\/wp-json\/wp\/v2\/posts\/5654\/revisions"}],"predecessor-version":[{"id":5716,"href":"https:\/\/copterweb.de\/wordpress\/wp-json\/wp\/v2\/posts\/5654\/revisions\/5716"}],"wp:attachment":[{"href":"https:\/\/copterweb.de\/wordpress\/wp-json\/wp\/v2\/media?parent=5654"}],"wp:term":[{"taxonomy":"category","embeddable":true,"href":"https:\/\/copterweb.de\/wordpress\/wp-json\/wp\/v2\/categories?post=5654"},{"taxonomy":"post_tag","embeddable":true,"href":"https:\/\/copterweb.de\/wordpress\/wp-json\/wp\/v2\/tags?post=5654"}],"curies":[{"name":"wp","href":"https:\/\/api.w.org\/{rel}","templated":true}]}}