{"id":7410,"date":"2015-12-06T21:26:39","date_gmt":"2015-12-06T20:26:39","guid":{"rendered":"http:\/\/copterweb.de\/wordpress\/?p=7410"},"modified":"2015-12-06T21:33:48","modified_gmt":"2015-12-06T20:33:48","slug":"kalendercopter-2016","status":"publish","type":"post","link":"https:\/\/copterweb.de\/wordpress\/kalendercopter-2016\/","title":{"rendered":"<span class=\"caps\">KALENDERCOPTER<\/span> 2016"},"content":{"rendered":"<p style=\"text-align: justify;\"><a href=\"http:\/\/copterweb.de\/wordpress\/wp-content\/uploads\/Titelbild-2016.jpg\" rel=\"attachment wp-att-7414\"><img loading=\"lazy\" decoding=\"async\" class=\"alignleft size-full wp-image-7414\" alt=\"Titelbild 2016-240\" src=\"https:\/\/copterweb.de\/wordpress\/wp-content\/uploads\/Titelbild-2016-240.jpg\" width=\"240\" height=\"170\"><\/a>Auf sei\u00adner Homepage bie\u00adtet der <a href=\"http:\/\/www.wolfsfellner.de\/\">Werner Wolfsfellner MedizinVerlag (M\u00fcnchen)<\/a> jetzt zum zwei\u00adten Mal nach 2015 einen eige\u00adnen Monatskalender f\u00fcr das kom\u00admen\u00adde Jahr an. Er zeigt ein\u00addrucks\u00advoll Motive der Luftrettung.<\/p>\n<p style=\"text-align: justify;\">Schon f\u00fcr 2015 hat\u00adte Verlag erst\u00adma\u00adlig als eige\u00adnes und unab\u00adh\u00e4n\u00adgi\u00adges Produkt einen Kunst-Kalender \u00fcber Luftrettung ver\u00adschie\u00adde\u00adner Beteiligter und Organisationen mit nicht all\u00adt\u00e4g\u00adli\u00adchen Bildmotiven rea\u00adli\u00adsiert. Damit ent\u00adsprach er den vie\u00adlen W\u00fcnschen, die an ihn her\u00adan\u00adge\u00adtra\u00adgen wur\u00adden. Die Resonanz war ein\u00addeu\u00adtig. Die Erstausgabe hat vie\u00adle Herzen von&nbsp;jung und alt erreicht. Das beson\u00adde\u00adre Lob von Kunden und auch etli\u00adche posi\u00adti\u00adve Rezensionen spre\u00adchen f\u00fcr die Richtigkeit des neu beschrit\u00adte\u00adnen Weges.<!--more--><\/p>\n<p style=\"text-align: justify;\">Unter dem Titel \u201e<b><span class=\"caps\">KALENDERCOPTER<\/span> 2016<\/b>, Luftrettung : \u00c4sthetik : Farben : Originalit\u00e4t : Historie\u201d ent\u00adh\u00e4lt der Kalender 12 ein\u00adzel\u00adne Monatsbl\u00e4tter und ein Titelblatt mit Motiven aus der Luftrettung, nicht nur aus Deutschland. Das Format betr\u00e4gt 42 x&nbsp;29,7&nbsp;cm mit Spiralbindung und Chromokarton R\u00fcckwand. Er ist direkt vom Verlag <a href=\"http:\/\/www.wolfsfellner.de\/kalendercopter-2016-1.html\">lie\u00adfer\u00adbar<\/a>. . Es gilt der offi\u00adzi\u00adel\u00adle Buchhandelspreis (Offizieller VLB-Referenzpreis). <span class=\"caps\">ISBN<\/span> 978\u2009\u2013\u20093-933266\u2009\u2013\u200986-6, Verlag: Werner Wolfsfellner MedizinVerlag (M\u00fcnchen).<\/p>\n<p style=\"text-align: justify;\"><a href=\"http:\/\/copterweb.de\/wordpress\/wp-content\/uploads\/Blatt\u00fcbersicht-2016.jpg\" rel=\"attachment wp-att-7412\"><img loading=\"lazy\" decoding=\"async\" class=\"alignright size-full wp-image-7412\" alt=\"Blatt\u00fcbersicht 2016-240\" src=\"https:\/\/copterweb.de\/wordpress\/wp-content\/uploads\/Blatt\u00fcbersicht-2016-240.jpg\" width=\"240\" height=\"130\"><\/a>Aus einer Vielzahl von au\u00dfer\u00adge\u00adw\u00f6hn\u00adli\u00adchen Experimenten mit Farben und Proportionen, Licht und Schatten und mit\u00adun\u00adter gl\u00fcck\u00adli\u00adchen Schnappsch\u00fcssen mit tie\u00adfer Symbolik von Fotografen und Fotografinnen schafft der Herausgeber in 2016 eine Fortsetzung der Idee, die Faszination Luftrettung mit \u201esch\u00f6\u00adnen Motiven\u201c abzu\u00adbil\u00adden, die man vier Wochen als Kalenderblatt betrach\u00adten m\u00f6ch\u00adte. Der Kalender ist eine exklu\u00adsi\u00adve Auflage f\u00fcr die ech\u00adten Liebhaber, Interessenten und Insider zugleich. Dementsprechend hat der Herausgeber Werner Wolfsfellner ma\u00df\u00adgeb\u00adlich die schwe\u00adre Auswahl aus einer Flut von ein\u00adge\u00adsand\u00adten Fotos getrof\u00adfen. Sie soll dem Anspruch gerecht wer\u00adden, mit der Pr\u00e4sentation ver\u00adschie\u00adde\u00adner Hubschraubertypen, beson\u00adde\u00adren Motiven aus unter\u00adschied\u00adli\u00adchen Perspektiven und mit foto\u00adgra\u00adfi\u00adschen Besonderheiten einen Bogen der Luftrettung zu span\u00adnen, gleich\u00adzei\u00adtig die Internationalit\u00e4t, aber auch den tech\u00adni\u00adschen Fortschritt dar\u00adzu\u00adstel\u00adlen.<\/p>\n<p style=\"text-align: justify;\">Als mar\u00adkan\u00adte Aussage muss man das Kalenderblatt mit einer Bell <span class=\"caps\">UH-1D<\/span> sehen, hat\u00adte doch die Bundeswehr in fr\u00fc\u00adhe\u00adren Jahren einen ma\u00df\u00adgeb\u00adli\u00adchen Anteil an der Luftrettung. Das dich\u00adte Netz mit SAR-Hubschraubern der Luftwaffe und den Hubschraubern an den Rettungszentren waren unver\u00adzicht\u00adbar. Die Heeresflieger haben mehr\u00adfach den Flugbetrieb an den Stationen mit Zivilschutz-Hubschraubern des Bundesministeriums des Innern im Rahmen der Amtshilfe sicher\u00adge\u00adstellt. Heute ste\u00adhen an drei Kommandos wei\u00adter\u00adhin Hubschrauber der Heeresflieger f\u00fcr die SAR-Aufgabe im Auftrag des Bundesministeriums f\u00fcr Verkehr und digi\u00adta\u00adle Infrastruktur bereit.<\/p>\n<p style=\"text-align: justify;\">Abschluss fin\u00addet der Kalender mit einem schon als his\u00adto\u00adrisch zu bezeich\u00adnen\u00adden Foto auf dem Dezemberblatt. Es zeigt ein altes Schild am Stra\u00dfenrand, das lan\u00adge Jahre gut \u00fcber\u00addau\u00adert hat. Das Foto ver\u00addeut\u00adlicht in beson\u00adde\u00adre Weise die Entwicklung der Luftrettung, den Aufbau des nun\u00admehr fl\u00e4\u00adchen\u00adde\u00adcken\u00adden Netzes in Deutschland. Auch heu\u00adte ist die Darstellung up to date: Mehrere ma\u00df\u00adgeb\u00adlich Beteiligte stel\u00adlen den Vorteil des Rettungsmittels deut\u00adlich dar, f\u00f6r\u00addern damit gleich\u00adzei\u00adtig die Akzeptanz\u2009\u2014\u2009eine Ma\u00dfnahme, die immer noch aktu\u00adell ist.<\/p>\n<p style=\"text-align: justify;\">Der Werner Wolfsfellner MedizinVerlag (M\u00fcnchen) ist seit mehr als 25 Jahren f\u00fcr die Qualit\u00e4t sei\u00adner auf\u00adge\u00adleg\u00adten Publikationen bekannt. Insbesondere gilt das f\u00fcr Druckwerke unter\u00adschied\u00adli\u00adcher Machart und Zielsetzung mit beson\u00adde\u00adrem Bezug zur Luftrettung. Sie spie\u00adgeln die Erfahrung, umfang\u00adrei\u00adches Hintergrundwissen und auch das per\u00ads\u00f6n\u00adli\u00adche Engagement des Verlagsinhabers detail\u00adliert, ange\u00admes\u00adsen und fach\u00adlich fun\u00addiert wider.<\/p>\n<p style=\"text-align: justify;\">Ulrich Schr\u00f6er, Freier Fachjournalist, Bonn<\/p>\n","protected":false},"excerpt":{"rendered":"<p>Auf sei\u00adner Homepage bie\u00adtet der Werner Wolfsfellner MedizinVerlag (M\u00fcnchen) jetzt zum zwei\u00adten Mal nach 2015 einen eige\u00adnen Monatskalender f\u00fcr das kom\u00admen\u00adde Jahr an. Er zeigt ein\u00addrucks\u00advoll Motive der Luftrettung. Schon f\u00fcr 2015 hat\u00adte Verlag erst\u00adma\u00adlig als eige\u00adnes und unab\u00adh\u00e4n\u00adgi\u00adges Produkt \u2026 <a href=\"https:\/\/copterweb.de\/wordpress\/kalendercopter-2016\/\">Weiterlesen <span class=\"meta-nav\">\u2192<\/span><\/a><\/p>\n","protected":false},"author":7,"featured_media":7414,"comment_status":"closed","ping_status":"open","sticky":false,"template":"","format":"standard","meta":{"ngg_post_thumbnail":0,"footnotes":""},"categories":[1],"tags":[],"_links":{"self":[{"href":"https:\/\/copterweb.de\/wordpress\/wp-json\/wp\/v2\/posts\/7410"}],"collection":[{"href":"https:\/\/copterweb.de\/wordpress\/wp-json\/wp\/v2\/posts"}],"about":[{"href":"https:\/\/copterweb.de\/wordpress\/wp-json\/wp\/v2\/types\/post"}],"author":[{"embeddable":true,"href":"https:\/\/copterweb.de\/wordpress\/wp-json\/wp\/v2\/users\/7"}],"replies":[{"embeddable":true,"href":"https:\/\/copterweb.de\/wordpress\/wp-json\/wp\/v2\/comments?post=7410"}],"version-history":[{"count":4,"href":"https:\/\/copterweb.de\/wordpress\/wp-json\/wp\/v2\/posts\/7410\/revisions"}],"predecessor-version":[{"id":7418,"href":"https:\/\/copterweb.de\/wordpress\/wp-json\/wp\/v2\/posts\/7410\/revisions\/7418"}],"wp:featuredmedia":[{"embeddable":true,"href":"https:\/\/copterweb.de\/wordpress\/wp-json\/wp\/v2\/media\/7414"}],"wp:attachment":[{"href":"https:\/\/copterweb.de\/wordpress\/wp-json\/wp\/v2\/media?parent=7410"}],"wp:term":[{"taxonomy":"category","embeddable":true,"href":"https:\/\/copterweb.de\/wordpress\/wp-json\/wp\/v2\/categories?post=7410"},{"taxonomy":"post_tag","embeddable":true,"href":"https:\/\/copterweb.de\/wordpress\/wp-json\/wp\/v2\/tags?post=7410"}],"curies":[{"name":"wp","href":"https:\/\/api.w.org\/{rel}","templated":true}]}}