{"id":8220,"date":"2017-06-27T16:51:18","date_gmt":"2017-06-27T14:51:18","guid":{"rendered":"http:\/\/copterweb.de\/wordpress\/?p=8220"},"modified":"2017-06-27T16:58:33","modified_gmt":"2017-06-27T14:58:33","slug":"inbetriebnahme-h-145-drf-luftrettung-stellt-hubschrauber-der-neuesten-generation-in-villingen-schwenningen-in-dienst","status":"publish","type":"post","link":"https:\/\/copterweb.de\/wordpress\/inbetriebnahme-h-145-drf-luftrettung-stellt-hubschrauber-der-neuesten-generation-in-villingen-schwenningen-in-dienst\/","title":{"rendered":"Inbetriebnahme <span class=\"caps\">H145<\/span>: <span class=\"caps\">DRF<\/span> Luftrettung stellt Hubschrauber der neu\u00ades\u00adten Generation in Villingen-Schwenningen in Dienst"},"content":{"rendered":"<p style=\"text-align: justify;\"><span style=\"font-family: Arial; font-size: small;\"><a href=\"http:\/\/copterweb.de\/wordpress\/wp-content\/uploads\/Symbolbild-H-145-im-Flug.jpg\" rel=\"attachment wp-att-8222\"><img loading=\"lazy\" decoding=\"async\" class=\"alignleft size-full wp-image-8222\" alt=\"Symbolbild - H 145 im Flug-240\" src=\"https:\/\/copterweb.de\/wordpress\/wp-content\/uploads\/Symbolbild-H-145-im-Flug-240.jpg\" width=\"240\" height=\"180\"><\/a><\/span><span style=\"font-family: Arial;\"><span style=\"font-family: arial, helvetica, sans-serif;\">Villingen-Schwenningen. Am 01. Juli wird die <span class=\"caps\">DRF<\/span> Luftrettung einen Hubschrauber des Typs <span class=\"caps\">H145<\/span> an der Luftrettungsstation der <span class=\"caps\">DRK<\/span> Rettungsdienst Schwarzwald Baar gGmbH in Betrieb neh\u00admen. Der neue \u201eChristoph 11\u201c ist durch sei\u00adne Leistungsst\u00e4rke, sein hoch\u00admo\u00adder\u00adnes digi\u00adta\u00adles Cockpit und die neue Medizintechnik f\u00fcr den Einsatz in der Luftrettung her\u00advor\u00adra\u00adgend geeig\u00adnet.<!--more--> <\/span><\/span><\/p>\n<p style=\"text-align: justify;\"><span style=\"font-family: arial, helvetica, sans-serif;\">Die <span class=\"caps\">H145<\/span> wird \u2013 wie die bis\u00adher ein\u00adge\u00adsetz\u00adte Maschine des Typs <span class=\"caps\">EC135<\/span> \u2013 im Tagbetrieb flie\u00adgen. \u201eDer Einsatz der <span class=\"caps\">H145<\/span> ist in jeg\u00adli\u00adcher Hinsicht ein Innovationssprung. Von den Vorteilen, wie bei\u00adspiels\u00adwei\u00adse dem neu\u00aden medi\u00adzi\u00adni\u00adschen Innenraumkonzept, pro\u00adfi\u00adtie\u00adren die Patienten in der Region, die auf die schnel\u00adle Rettung aus der Luft ange\u00adwie\u00adsen sind\u201c, betont Dr. Peter Huber, Vorstand der <span class=\"caps\">DRF<\/span> Luftrettung.<\/span><\/p>\n<p style=\"text-align: justify;\"><span style=\"font-family: arial, helvetica, sans-serif;\"><span class=\"dquo\">\u201e<\/span>An der Station Villingen-Schwenningen lau\u00adfen bereits die Vorbereitungen f\u00fcr den Hubschrauberwechsel am 01. Juli\u201c, erkl\u00e4rt Winfried Baumann, Gesch\u00e4ftsf\u00fchrer der <span class=\"caps\">DRK<\/span> Rettungsdienst Schwarzwald Baar gGmbH. \u201eDazu geh\u00f6rt die Einweisung des in der Luftrettung ein\u00adge\u00adsetz\u00adten medi\u00adzi\u00adni\u00adschen Personals der <span class=\"caps\">DRK<\/span> Rettungsdienst Schwarzwald Baar gGmbH sowie des Schwarzwald-Baar-Klinikums. Die Piloten ver\u00adf\u00fc\u00adgen durch ihre T\u00e4tigkeit an ande\u00adren Stationen der <span class=\"caps\">DRF<\/span> Luftrettung bereits \u00fcber gro\u00ad\u00dfe Erfahrung mit dem Hubschraubermuster <span class=\"caps\">H145<\/span>.\u201c <\/span><\/p>\n<p style=\"text-align: justify;\"><span style=\"font-family: arial, helvetica, sans-serif;\">Tr\u00e4ger der Luftrettungsstation Villingen-Schwenningen ist seit 1975 die <span class=\"caps\">DRK<\/span> Rettungsdienst Schwarzwald Baar gGmbH. Ihr Partner ist die <span class=\"caps\">DRF<\/span> Luftrettung, die seit 1996 f\u00fcr den Flugbetrieb ver\u00adant\u00adwort\u00adlich zeich\u00adnet.<\/span><\/p>\n<p style=\"text-align: justify;\"><span style=\"font-family: arial, helvetica, sans-serif;\">Quelle: Original Pressemitteilung der <span class=\"caps\">DRF<\/span> Luftrettung vom 27. Juni 2017<\/span><\/p>\n","protected":false},"excerpt":{"rendered":"<p>Villingen-Schwenningen. Am 01. Juli wird die <span class=\"caps\">DRF<\/span> Luftrettung einen Hubschrauber des Typs <span class=\"caps\">H145<\/span> an der Luftrettungsstation der <span class=\"caps\">DRK<\/span> Rettungsdienst Schwarzwald Baar gGmbH in Betrieb neh\u00admen. Der neue \u201eChristoph 11\u201c ist durch sei\u00adne Leistungsst\u00e4rke, sein hoch\u00admo\u00adder\u00adnes digi\u00adta\u00adles Cockpit und die neue \u2026 <a href=\"https:\/\/copterweb.de\/wordpress\/inbetriebnahme-h-145-drf-luftrettung-stellt-hubschrauber-der-neuesten-generation-in-villingen-schwenningen-in-dienst\/\">Weiterlesen <span class=\"meta-nav\">\u2192<\/span><\/a><\/p>\n","protected":false},"author":7,"featured_media":8222,"comment_status":"closed","ping_status":"open","sticky":false,"template":"","format":"standard","meta":{"ngg_post_thumbnail":0,"footnotes":""},"categories":[16],"tags":[],"_links":{"self":[{"href":"https:\/\/copterweb.de\/wordpress\/wp-json\/wp\/v2\/posts\/8220"}],"collection":[{"href":"https:\/\/copterweb.de\/wordpress\/wp-json\/wp\/v2\/posts"}],"about":[{"href":"https:\/\/copterweb.de\/wordpress\/wp-json\/wp\/v2\/types\/post"}],"author":[{"embeddable":true,"href":"https:\/\/copterweb.de\/wordpress\/wp-json\/wp\/v2\/users\/7"}],"replies":[{"embeddable":true,"href":"https:\/\/copterweb.de\/wordpress\/wp-json\/wp\/v2\/comments?post=8220"}],"version-history":[{"count":4,"href":"https:\/\/copterweb.de\/wordpress\/wp-json\/wp\/v2\/posts\/8220\/revisions"}],"predecessor-version":[{"id":8228,"href":"https:\/\/copterweb.de\/wordpress\/wp-json\/wp\/v2\/posts\/8220\/revisions\/8228"}],"wp:featuredmedia":[{"embeddable":true,"href":"https:\/\/copterweb.de\/wordpress\/wp-json\/wp\/v2\/media\/8222"}],"wp:attachment":[{"href":"https:\/\/copterweb.de\/wordpress\/wp-json\/wp\/v2\/media?parent=8220"}],"wp:term":[{"taxonomy":"category","embeddable":true,"href":"https:\/\/copterweb.de\/wordpress\/wp-json\/wp\/v2\/categories?post=8220"},{"taxonomy":"post_tag","embeddable":true,"href":"https:\/\/copterweb.de\/wordpress\/wp-json\/wp\/v2\/tags?post=8220"}],"curies":[{"name":"wp","href":"https:\/\/api.w.org\/{rel}","templated":true}]}}