{"id":9803,"date":"2019-10-29T18:30:03","date_gmt":"2019-10-29T17:30:03","guid":{"rendered":"https:\/\/copterweb.de\/wordpress\/?p=9803"},"modified":"2019-10-29T18:30:05","modified_gmt":"2019-10-29T17:30:05","slug":"sonne-pur-beim-diesjaehrigen-flughafenfest-in-innsbruck","status":"publish","type":"post","link":"https:\/\/copterweb.de\/wordpress\/sonne-pur-beim-diesjaehrigen-flughafenfest-in-innsbruck\/","title":{"rendered":"Sonne pur beim dies\u00adj\u00e4h\u00adri\u00adgen Flughafenfest in Innsbruck"},"content":{"rendered":"\n<p style=\"text-align: justify;\"><a href=\"https:\/\/copterweb.de\/wordpress\/wp-content\/uploads\/DSC_9298.jpg\"><img loading=\"lazy\" decoding=\"async\" class=\"alignleft wp-image-9808\" src=\"https:\/\/copterweb.de\/wordpress\/wp-content\/uploads\/DSC_9298.jpg\" alt width=\"240\" height=\"161\" srcset=\"https:\/\/copterweb.de\/wordpress\/wp-content\/uploads\/DSC_9298.jpg 1200w, https:\/\/copterweb.de\/wordpress\/wp-content\/uploads\/DSC_9298-300x201.jpg 300w, https:\/\/copterweb.de\/wordpress\/wp-content\/uploads\/DSC_9298-768x515.jpg 768w, https:\/\/copterweb.de\/wordpress\/wp-content\/uploads\/DSC_9298-1024x686.jpg 1024w\" sizes=\"(max-width: 240px) 100vw, 240px\"><\/a>Rund 45.000 Besucher fan\u00adden bei traum\u00adhaf\u00adtem Herbstwetter den Weg ins Inntal zum tra\u00addi\u00adtio\u00adnel\u00adlen Flughafenfest. Dieses fin\u00addet all\u00adj\u00e4hr\u00adlich am \u00f6ster\u00adrei\u00adchi\u00adschen Nationalfeiertag, den 26. Oktober, statt und wird vom Flughafen Innsbruck in Kooperation mit dem ORF-Tirol orga\u00adni\u00adsiert. Neben der Flug- und Fahrzeugausstellung von Polizei, Berufsfeuerwehr sowie zivi\u00adlen Betreibern bie\u00adtet das kuli\u00adna\u00adri\u00adsche und musi\u00adka\u00adli\u00adsche Programm ein Besuchsziel f\u00fcr die gesam\u00adte Familie.<!--more--><\/p>\n<p style=\"text-align: justify;\">Um die rei\u00adbungs\u00adlo\u00adse Abfertigung des regu\u00adl\u00e4\u00adren Flugverkehrs w\u00e4h\u00adrend der Veranstaltung zu gew\u00e4hr\u00adleis\u00adten, wur\u00adde nur ein Teil des Vorfeldes als Ausstellungsfl\u00e4che genutzt. Als einer der gr\u00f6\u00df\u00adten Aussteller war wie\u00adder ein\u00admal das <em>Bundesheer<\/em> mit dem Transportflugzeug Lockheed C-130K Hercules, Saab <span class=\"caps\">105OE<\/span>, Pilatos <span class=\"caps\">PC6<\/span> sowie Alouette <span class=\"caps\">III<\/span>, Agusta-Bell 212 und S-70 Black-Hawk ver\u00adtre\u00adten.<\/p>\n<p style=\"text-align: justify;\"><a href=\"https:\/\/copterweb.de\/wordpress\/wp-content\/uploads\/DSD_3665.jpg\"><img loading=\"lazy\" decoding=\"async\" class=\"alignright wp-image-9809\" src=\"https:\/\/copterweb.de\/wordpress\/wp-content\/uploads\/DSD_3665.jpg\" alt width=\"240\" height=\"160\" srcset=\"https:\/\/copterweb.de\/wordpress\/wp-content\/uploads\/DSD_3665.jpg 1200w, https:\/\/copterweb.de\/wordpress\/wp-content\/uploads\/DSD_3665-300x200.jpg 300w, https:\/\/copterweb.de\/wordpress\/wp-content\/uploads\/DSD_3665-768x513.jpg 768w, https:\/\/copterweb.de\/wordpress\/wp-content\/uploads\/DSD_3665-1024x684.jpg 1024w\" sizes=\"(max-width: 240px) 100vw, 240px\"><\/a>Auch die in \u00d6sterreich behei\u00adma\u00adte\u00adten <em>FlyingBulls<\/em> waren unter ande\u00adrem mit ihrem Flaggschiff, der <span class=\"caps\">DC-6B<\/span>, aus Salzburg ange\u00adreist. Neben den orts\u00adan\u00ads\u00e4s\u00adsi\u00adgen Flugsportgruppen waren wie\u00adder zahl\u00adrei\u00adche zivi\u00adle Betreiber als Aussteller vor Ort. Zur Demonstration ihrer Kompetenzen stell\u00adten die Betreiber <em>Wucher Helicopter<\/em> und <em>Heli Tirol<\/em> jeweils eine <span class=\"caps\">AS<\/span> 350 <span class=\"caps\">B3<\/span> (<span class=\"caps\">OE-XHL<\/span>) bzw. <span class=\"caps\">H125<\/span> (<span class=\"caps\">OE-XDE<\/span>) aus. Die zuk\u00fcnf\u00adti\u00adgen Nachwuchspiloten konn\u00adten sich am Stand der \u201eHeli Austria Flight Acadamy\u201c \u00fcber die Ausbildung zum Hubschrauberpiloten infor\u00admie\u00adren und schon ein\u00admal in einer Robinson <span class=\"caps\">R44<\/span> (<span class=\"caps\">OE-XAU<\/span>) pro\u00adbe\u00adsit\u00adzen.<\/p>\n<p style=\"text-align: justify;\"><a href=\"https:\/\/copterweb.de\/wordpress\/wp-content\/uploads\/DSD_3624.jpg\"><img loading=\"lazy\" decoding=\"async\" class=\"wp-image-9805 alignleft\" src=\"https:\/\/copterweb.de\/wordpress\/wp-content\/uploads\/DSD_3624.jpg\" alt width=\"240\" height=\"160\" srcset=\"https:\/\/copterweb.de\/wordpress\/wp-content\/uploads\/DSD_3624.jpg 1200w, https:\/\/copterweb.de\/wordpress\/wp-content\/uploads\/DSD_3624-300x200.jpg 300w, https:\/\/copterweb.de\/wordpress\/wp-content\/uploads\/DSD_3624-768x513.jpg 768w, https:\/\/copterweb.de\/wordpress\/wp-content\/uploads\/DSD_3624-1024x684.jpg 1024w\" sizes=\"(max-width: 240px) 100vw, 240px\"><\/a>Eines der Highlights war neben einer Feuerl\u00f6sch\u00fcbung mit einer <span class=\"caps\">H135<\/span> (<span class=\"caps\">OE-BXP<\/span>) der Flugpolizei zudem die insze\u00adnier\u00adte Verfolgungsjagd auf dem Vorfeld, die mit Hilfe von Flugpolizei und Sondereinheit Einsatzkommando Cobra gestoppt wer\u00adden konn\u00adte.<\/p>\n<p style=\"text-align: justify;\"><br class=\"clear\"><a href=\"https:\/\/copterweb.de\/wordpress\/wp-content\/uploads\/DSC_9316.jpg\"><img loading=\"lazy\" decoding=\"async\" class=\"wp-image-9804 alignright\" src=\"https:\/\/copterweb.de\/wordpress\/wp-content\/uploads\/DSC_9316.jpg\" alt width=\"240\" height=\"161\" srcset=\"https:\/\/copterweb.de\/wordpress\/wp-content\/uploads\/DSC_9316.jpg 1200w, https:\/\/copterweb.de\/wordpress\/wp-content\/uploads\/DSC_9316-300x201.jpg 300w, https:\/\/copterweb.de\/wordpress\/wp-content\/uploads\/DSC_9316-768x515.jpg 768w, https:\/\/copterweb.de\/wordpress\/wp-content\/uploads\/DSC_9316-1024x686.jpg 1024w\" sizes=\"(max-width: 240px) 100vw, 240px\"><\/a>Abgerundet wur\u00adde das Programm durch die zahl\u00adrei\u00adchen Rundflugangebote mit Fl\u00e4chenflugzeugen sowie von <em>Wucher Helicopter<\/em> (<span class=\"caps\">AS<\/span> 350 <span class=\"caps\">B3<\/span> \u2013 <span class=\"caps\">OE-XHP<\/span>) und <em>Heli Tirol <\/em>(<span class=\"caps\">H130<\/span> \u2013 <span class=\"caps\">OE-XDF<\/span>).<\/p>\n<p style=\"text-align: justify;\"><br class=\"clear\"><br class=\"clear\"><br class=\"clear\">Autoren: Matthias H\u00f6glauer und Patricia Baumeister, Unterw\u00f6ssen<\/p>\n<p style=\"text-align: justify;\"><\/p>\n","protected":false},"excerpt":{"rendered":"","protected":false},"author":7,"featured_media":9808,"comment_status":"closed","ping_status":"open","sticky":false,"template":"","format":"standard","meta":{"ngg_post_thumbnail":0,"footnotes":""},"categories":[118],"tags":[],"_links":{"self":[{"href":"https:\/\/copterweb.de\/wordpress\/wp-json\/wp\/v2\/posts\/9803"}],"collection":[{"href":"https:\/\/copterweb.de\/wordpress\/wp-json\/wp\/v2\/posts"}],"about":[{"href":"https:\/\/copterweb.de\/wordpress\/wp-json\/wp\/v2\/types\/post"}],"author":[{"embeddable":true,"href":"https:\/\/copterweb.de\/wordpress\/wp-json\/wp\/v2\/users\/7"}],"replies":[{"embeddable":true,"href":"https:\/\/copterweb.de\/wordpress\/wp-json\/wp\/v2\/comments?post=9803"}],"version-history":[{"count":6,"href":"https:\/\/copterweb.de\/wordpress\/wp-json\/wp\/v2\/posts\/9803\/revisions"}],"predecessor-version":[{"id":9815,"href":"https:\/\/copterweb.de\/wordpress\/wp-json\/wp\/v2\/posts\/9803\/revisions\/9815"}],"wp:featuredmedia":[{"embeddable":true,"href":"https:\/\/copterweb.de\/wordpress\/wp-json\/wp\/v2\/media\/9808"}],"wp:attachment":[{"href":"https:\/\/copterweb.de\/wordpress\/wp-json\/wp\/v2\/media?parent=9803"}],"wp:term":[{"taxonomy":"category","embeddable":true,"href":"https:\/\/copterweb.de\/wordpress\/wp-json\/wp\/v2\/categories?post=9803"},{"taxonomy":"post_tag","embeddable":true,"href":"https:\/\/copterweb.de\/wordpress\/wp-json\/wp\/v2\/tags?post=9803"}],"curies":[{"name":"wp","href":"https:\/\/api.w.org\/{rel}","templated":true}]}}